{"id":431,"date":"2020-06-04T15:31:52","date_gmt":"2020-06-04T15:31:52","guid":{"rendered":"https:\/\/www.mynametags.be\/FR\/blog\/?p=431"},"modified":"2022-06-21T09:42:25","modified_gmt":"2022-06-21T09:42:25","slug":"etiquettes-autocollantes-my-nametags-pour-le-bureau","status":"publish","type":"post","link":"https:\/\/www.mynametags.be\/FR\/blog\/2020\/06\/etiquettes-autocollantes-my-nametags-pour-le-bureau\/","title":{"rendered":"\u00c9tiquettes autocollantes My Nametags pour le bureau"},"content":{"rendered":"\n<p>Parfait pour toutes sortes de fournitures de bureau et d\u2019\u00e9quipement, y compris l\u2019\u00e9quipement de protection individuelle.<br><\/p>\n\n\n\n<p>Maintenant plus que jamais, nous sommes conscients de la rapidit\u00e9 avec laquelle les germes peuvent se propager. Votre \u00e9quipement de bureau quotidien, comme les agrafeuses, les stylos et les ciseaux, sont des lieux communs pour la survie des germes et des bact\u00e9ries. Ces objets sont souvent partag\u00e9s entre les \u00e9quipes, ce qui signifie que les germes et les bact\u00e9ries sont \u00e9galement partag\u00e9s<br><\/p>\n\n\n\n<p>Chez My Nametags, nous avons une solution qui contribuera \u00e0 mettre fin \u00e0 la propagation des germes et la contamination crois\u00e9e au bureau, nos Ministickers.<\/p>\n\n\n\n<p>Nos <a href=\"https:\/\/www.mynametags.be\/FR\/ministickers\">Ministickers autocollants<\/a> sont parfaits pour tous les articles de papeterie et le mat\u00e9riel de bureau utilis\u00e9s quotidiennement comme les agrafeuses, les stylos et les ciseaux et vous aideront \u00e0 identifier vos affaires vraiment facilement ! Si vous et vos coll\u00e8gues continuez \u00e0 utiliser votre propre mat\u00e9riel et \u00e0 ne pas partager avec eux, cela contribuera \u00e0 r\u00e9duire la propagation des germes dans tout le bureau.<br><\/p>\n\n\n\n<p>Les <a href=\"https:\/\/www.mynametags.be\/FR\/ministickers\">\u00e9tiquettes My Nametags pour le bureau<\/a> sont les seules \u00e9tiquettes antimicrobienne du march\u00e9 ! Nous recouvrons nos autocollants couleur d\u2019une couche antimicrobienne qui tue toute bact\u00e9rie qui pourrait se trouver sur la surface des \u00e9tiquettes. Nos autocollants couleur sont test\u00e9s antimicrobienne par les Services Microbiologiques Industriels et ont obtenu un certificat selon la norme ISO 22196 (Mesure de l\u2019activit\u00e9 antimicrobienne sur les plastiques et autres surfaces non poreuses).<br><\/p>\n\n\n\n<p>Suivez-nous sur <a href=\"https:\/\/www.instagram.com\/mynametags_be\/\">Instagram<\/a> ou sur notre page <a href=\"https:\/\/www.facebook.com\/MyNametagsBelgium\/\">Facebook<\/a> pour vous tenir au courant de nos derni\u00e8res nouvelles et de nos produits.<br><\/p>\n","protected":false},"excerpt":{"rendered":"<p>Parfait pour toutes sortes de fournitures de bureau et d\u2019\u00e9quipement, y compris l\u2019\u00e9quipement de protection individuelle. Maintenant plus que jamais, nous sommes conscients de la rapidit\u00e9 avec laquelle les germes peuvent se propager. Votre \u00e9quipement de bureau quotidien, comme les agrafeuses, les stylos et les ciseaux, sont des lieux communs pour la survie des germes [&hellip;]<\/p>\n","protected":false},"author":1,"featured_media":0,"comment_status":"closed","ping_status":"open","sticky":false,"template":"","format":"standard","meta":{"rop_custom_images_group":[],"rop_custom_messages_group":[],"rop_publish_now":"initial","rop_publish_now_accounts":[],"rop_publish_now_history":[],"rop_publish_now_status":"pending","ocean_post_layout":"","ocean_both_sidebars_style":"","ocean_both_sidebars_content_width":0,"ocean_both_sidebars_sidebars_width":0,"ocean_sidebar":"","ocean_second_sidebar":"","ocean_disable_margins":"enable","ocean_add_body_class":"","ocean_shortcode_before_top_bar":"","ocean_shortcode_after_top_bar":"","ocean_shortcode_before_header":"","ocean_shortcode_after_header":"","ocean_has_shortcode":"","ocean_shortcode_after_title":"","ocean_shortcode_before_footer_widgets":"","ocean_shortcode_after_footer_widgets":"","ocean_shortcode_before_footer_bottom":"","ocean_shortcode_after_footer_bottom":"","ocean_display_top_bar":"default","ocean_display_header":"default","ocean_header_style":"","ocean_center_header_left_menu":"","ocean_custom_header_template":"","ocean_custom_logo":0,"ocean_custom_retina_logo":0,"ocean_custom_logo_max_width":0,"ocean_custom_logo_tablet_max_width":0,"ocean_custom_logo_mobile_max_width":0,"ocean_custom_logo_max_height":0,"ocean_custom_logo_tablet_max_height":0,"ocean_custom_logo_mobile_max_height":0,"ocean_header_custom_menu":"","ocean_menu_typo_font_family":"","ocean_menu_typo_font_subset":"","ocean_menu_typo_font_size":0,"ocean_menu_typo_font_size_tablet":0,"ocean_menu_typo_font_size_mobile":0,"ocean_menu_typo_font_size_unit":"px","ocean_menu_typo_font_weight":"","ocean_menu_typo_font_weight_tablet":"","ocean_menu_typo_font_weight_mobile":"","ocean_menu_typo_transform":"","ocean_menu_typo_transform_tablet":"","ocean_menu_typo_transform_mobile":"","ocean_menu_typo_line_height":0,"ocean_menu_typo_line_height_tablet":0,"ocean_menu_typo_line_height_mobile":0,"ocean_menu_typo_line_height_unit":"","ocean_menu_typo_spacing":0,"ocean_menu_typo_spacing_tablet":0,"ocean_menu_typo_spacing_mobile":0,"ocean_menu_typo_spacing_unit":"","ocean_menu_link_color":"","ocean_menu_link_color_hover":"","ocean_menu_link_color_active":"","ocean_menu_link_background":"","ocean_menu_link_hover_background":"","ocean_menu_link_active_background":"","ocean_menu_social_links_bg":"","ocean_menu_social_hover_links_bg":"","ocean_menu_social_links_color":"","ocean_menu_social_hover_links_color":"","ocean_disable_title":"default","ocean_disable_heading":"default","ocean_post_title":"","ocean_post_subheading":"","ocean_post_title_style":"","ocean_post_title_background_color":"","ocean_post_title_background":0,"ocean_post_title_bg_image_position":"","ocean_post_title_bg_image_attachment":"","ocean_post_title_bg_image_repeat":"","ocean_post_title_bg_image_size":"","ocean_post_title_height":0,"ocean_post_title_bg_overlay":0.5,"ocean_post_title_bg_overlay_color":"","ocean_disable_breadcrumbs":"default","ocean_breadcrumbs_color":"","ocean_breadcrumbs_separator_color":"","ocean_breadcrumbs_links_color":"","ocean_breadcrumbs_links_hover_color":"","ocean_display_footer_widgets":"default","ocean_display_footer_bottom":"default","ocean_custom_footer_template":"","ocean_post_oembed":"","ocean_post_self_hosted_media":"","ocean_post_video_embed":"","ocean_link_format":"","ocean_link_format_target":"self","ocean_quote_format":"","ocean_quote_format_link":"post","ocean_gallery_link_images":"on","ocean_gallery_id":[],"footnotes":""},"categories":[1],"tags":[],"class_list":["post-431","post","type-post","status-publish","format-standard","hentry","category-uncategorized","entry"],"yoast_head":"<!-- This site is optimized with the Yoast SEO plugin v27.3 - https:\/\/yoast.com\/product\/yoast-seo-wordpress\/ -->\n<title>\u00c9tiquettes autocollantes My Nametags pour le bureau - Le blog de My Nametags Belgi\u00eb<\/title>\n<meta name=\"description\" content=\"\u00c9tiquettes autocollantes My Nametags pour le bureau\" \/>\n<meta name=\"robots\" content=\"index, follow, max-snippet:-1, max-image-preview:large, max-video-preview:-1\" \/>\n<link rel=\"canonical\" href=\"https:\/\/www.mynametags.be\/FR\/blog\/2020\/06\/etiquettes-autocollantes-my-nametags-pour-le-bureau\/\" \/>\n<meta property=\"og:locale\" content=\"en_US\" \/>\n<meta property=\"og:type\" content=\"article\" \/>\n<meta property=\"og:title\" content=\"\u00c9tiquettes autocollantes My Nametags pour le bureau - Le blog de My Nametags Belgi\u00eb\" \/>\n<meta property=\"og:description\" content=\"\u00c9tiquettes autocollantes My Nametags pour le bureau\" \/>\n<meta property=\"og:url\" content=\"https:\/\/www.mynametags.be\/FR\/blog\/2020\/06\/etiquettes-autocollantes-my-nametags-pour-le-bureau\/\" \/>\n<meta property=\"og:site_name\" content=\"Le blog de My Nametags Belgi\u00eb\" \/>\n<meta property=\"article:published_time\" content=\"2020-06-04T15:31:52+00:00\" \/>\n<meta property=\"article:modified_time\" content=\"2022-06-21T09:42:25+00:00\" \/>\n<meta name=\"author\" content=\"admin\" \/>\n<meta name=\"twitter:card\" content=\"summary_large_image\" \/>\n<meta name=\"twitter:label1\" content=\"Written by\" \/>\n\t<meta name=\"twitter:data1\" content=\"admin\" \/>\n\t<meta name=\"twitter:label2\" content=\"Est. reading time\" \/>\n\t<meta name=\"twitter:data2\" content=\"1 minute\" \/>\n<script type=\"application\/ld+json\" class=\"yoast-schema-graph\">{\"@context\":\"https:\\\/\\\/schema.org\",\"@graph\":[{\"@type\":\"Article\",\"@id\":\"https:\\\/\\\/www.mynametags.be\\\/FR\\\/blog\\\/2020\\\/06\\\/etiquettes-autocollantes-my-nametags-pour-le-bureau\\\/#article\",\"isPartOf\":{\"@id\":\"https:\\\/\\\/www.mynametags.be\\\/FR\\\/blog\\\/2020\\\/06\\\/etiquettes-autocollantes-my-nametags-pour-le-bureau\\\/\"},\"author\":{\"name\":\"admin\",\"@id\":\"https:\\\/\\\/www.mynametags.be\\\/FR\\\/blog\\\/#\\\/schema\\\/person\\\/87141ceabf45386732788339a4bcbbff\"},\"headline\":\"\u00c9tiquettes autocollantes My Nametags pour le bureau\",\"datePublished\":\"2020-06-04T15:31:52+00:00\",\"dateModified\":\"2022-06-21T09:42:25+00:00\",\"mainEntityOfPage\":{\"@id\":\"https:\\\/\\\/www.mynametags.be\\\/FR\\\/blog\\\/2020\\\/06\\\/etiquettes-autocollantes-my-nametags-pour-le-bureau\\\/\"},\"wordCount\":274,\"inLanguage\":\"en-US\"},{\"@type\":\"WebPage\",\"@id\":\"https:\\\/\\\/www.mynametags.be\\\/FR\\\/blog\\\/2020\\\/06\\\/etiquettes-autocollantes-my-nametags-pour-le-bureau\\\/\",\"url\":\"https:\\\/\\\/www.mynametags.be\\\/FR\\\/blog\\\/2020\\\/06\\\/etiquettes-autocollantes-my-nametags-pour-le-bureau\\\/\",\"name\":\"\u00c9tiquettes autocollantes My Nametags pour le bureau - Le blog de My Nametags Belgi\u00eb\",\"isPartOf\":{\"@id\":\"https:\\\/\\\/www.mynametags.be\\\/FR\\\/blog\\\/#website\"},\"datePublished\":\"2020-06-04T15:31:52+00:00\",\"dateModified\":\"2022-06-21T09:42:25+00:00\",\"author\":{\"@id\":\"https:\\\/\\\/www.mynametags.be\\\/FR\\\/blog\\\/#\\\/schema\\\/person\\\/87141ceabf45386732788339a4bcbbff\"},\"description\":\"\u00c9tiquettes autocollantes My Nametags pour le bureau\",\"breadcrumb\":{\"@id\":\"https:\\\/\\\/www.mynametags.be\\\/FR\\\/blog\\\/2020\\\/06\\\/etiquettes-autocollantes-my-nametags-pour-le-bureau\\\/#breadcrumb\"},\"inLanguage\":\"en-US\",\"potentialAction\":[{\"@type\":\"ReadAction\",\"target\":[\"https:\\\/\\\/www.mynametags.be\\\/FR\\\/blog\\\/2020\\\/06\\\/etiquettes-autocollantes-my-nametags-pour-le-bureau\\\/\"]}]},{\"@type\":\"BreadcrumbList\",\"@id\":\"https:\\\/\\\/www.mynametags.be\\\/FR\\\/blog\\\/2020\\\/06\\\/etiquettes-autocollantes-my-nametags-pour-le-bureau\\\/#breadcrumb\",\"itemListElement\":[{\"@type\":\"ListItem\",\"position\":1,\"name\":\"Home\",\"item\":\"https:\\\/\\\/www.mynametags.be\\\/FR\\\/blog\\\/\"},{\"@type\":\"ListItem\",\"position\":2,\"name\":\"\u00c9tiquettes autocollantes My Nametags pour le bureau\"}]},{\"@type\":\"WebSite\",\"@id\":\"https:\\\/\\\/www.mynametags.be\\\/FR\\\/blog\\\/#website\",\"url\":\"https:\\\/\\\/www.mynametags.be\\\/FR\\\/blog\\\/\",\"name\":\"Le blog de My Nametags Belgi\u00eb\",\"description\":\"\",\"potentialAction\":[{\"@type\":\"SearchAction\",\"target\":{\"@type\":\"EntryPoint\",\"urlTemplate\":\"https:\\\/\\\/www.mynametags.be\\\/FR\\\/blog\\\/?s={search_term_string}\"},\"query-input\":{\"@type\":\"PropertyValueSpecification\",\"valueRequired\":true,\"valueName\":\"search_term_string\"}}],\"inLanguage\":\"en-US\"},{\"@type\":\"Person\",\"@id\":\"https:\\\/\\\/www.mynametags.be\\\/FR\\\/blog\\\/#\\\/schema\\\/person\\\/87141ceabf45386732788339a4bcbbff\",\"name\":\"admin\",\"image\":{\"@type\":\"ImageObject\",\"inLanguage\":\"en-US\",\"@id\":\"https:\\\/\\\/secure.gravatar.com\\\/avatar\\\/27b864c344d0ba647defbb14d62338d7e0dbb466a73b4966351866c8441fdae1?s=96&d=mm&r=g\",\"url\":\"https:\\\/\\\/secure.gravatar.com\\\/avatar\\\/27b864c344d0ba647defbb14d62338d7e0dbb466a73b4966351866c8441fdae1?s=96&d=mm&r=g\",\"contentUrl\":\"https:\\\/\\\/secure.gravatar.com\\\/avatar\\\/27b864c344d0ba647defbb14d62338d7e0dbb466a73b4966351866c8441fdae1?s=96&d=mm&r=g\",\"caption\":\"admin\"},\"url\":\"https:\\\/\\\/www.mynametags.be\\\/FR\\\/blog\\\/author\\\/admin\\\/\"}]}<\/script>\n<!-- \/ Yoast SEO plugin. -->","yoast_head_json":{"title":"\u00c9tiquettes autocollantes My Nametags pour le bureau - Le blog de My Nametags Belgi\u00eb","description":"\u00c9tiquettes autocollantes My Nametags pour le bureau","robots":{"index":"index","follow":"follow","max-snippet":"max-snippet:-1","max-image-preview":"max-image-preview:large","max-video-preview":"max-video-preview:-1"},"canonical":"https:\/\/www.mynametags.be\/FR\/blog\/2020\/06\/etiquettes-autocollantes-my-nametags-pour-le-bureau\/","og_locale":"en_US","og_type":"article","og_title":"\u00c9tiquettes autocollantes My Nametags pour le bureau - Le blog de My Nametags Belgi\u00eb","og_description":"\u00c9tiquettes autocollantes My Nametags pour le bureau","og_url":"https:\/\/www.mynametags.be\/FR\/blog\/2020\/06\/etiquettes-autocollantes-my-nametags-pour-le-bureau\/","og_site_name":"Le blog de My Nametags Belgi\u00eb","article_published_time":"2020-06-04T15:31:52+00:00","article_modified_time":"2022-06-21T09:42:25+00:00","author":"admin","twitter_card":"summary_large_image","twitter_misc":{"Written by":"admin","Est. reading time":"1 minute"},"schema":{"@context":"https:\/\/schema.org","@graph":[{"@type":"Article","@id":"https:\/\/www.mynametags.be\/FR\/blog\/2020\/06\/etiquettes-autocollantes-my-nametags-pour-le-bureau\/#article","isPartOf":{"@id":"https:\/\/www.mynametags.be\/FR\/blog\/2020\/06\/etiquettes-autocollantes-my-nametags-pour-le-bureau\/"},"author":{"name":"admin","@id":"https:\/\/www.mynametags.be\/FR\/blog\/#\/schema\/person\/87141ceabf45386732788339a4bcbbff"},"headline":"\u00c9tiquettes autocollantes My Nametags pour le bureau","datePublished":"2020-06-04T15:31:52+00:00","dateModified":"2022-06-21T09:42:25+00:00","mainEntityOfPage":{"@id":"https:\/\/www.mynametags.be\/FR\/blog\/2020\/06\/etiquettes-autocollantes-my-nametags-pour-le-bureau\/"},"wordCount":274,"inLanguage":"en-US"},{"@type":"WebPage","@id":"https:\/\/www.mynametags.be\/FR\/blog\/2020\/06\/etiquettes-autocollantes-my-nametags-pour-le-bureau\/","url":"https:\/\/www.mynametags.be\/FR\/blog\/2020\/06\/etiquettes-autocollantes-my-nametags-pour-le-bureau\/","name":"\u00c9tiquettes autocollantes My Nametags pour le bureau - Le blog de My Nametags Belgi\u00eb","isPartOf":{"@id":"https:\/\/www.mynametags.be\/FR\/blog\/#website"},"datePublished":"2020-06-04T15:31:52+00:00","dateModified":"2022-06-21T09:42:25+00:00","author":{"@id":"https:\/\/www.mynametags.be\/FR\/blog\/#\/schema\/person\/87141ceabf45386732788339a4bcbbff"},"description":"\u00c9tiquettes autocollantes My Nametags pour le bureau","breadcrumb":{"@id":"https:\/\/www.mynametags.be\/FR\/blog\/2020\/06\/etiquettes-autocollantes-my-nametags-pour-le-bureau\/#breadcrumb"},"inLanguage":"en-US","potentialAction":[{"@type":"ReadAction","target":["https:\/\/www.mynametags.be\/FR\/blog\/2020\/06\/etiquettes-autocollantes-my-nametags-pour-le-bureau\/"]}]},{"@type":"BreadcrumbList","@id":"https:\/\/www.mynametags.be\/FR\/blog\/2020\/06\/etiquettes-autocollantes-my-nametags-pour-le-bureau\/#breadcrumb","itemListElement":[{"@type":"ListItem","position":1,"name":"Home","item":"https:\/\/www.mynametags.be\/FR\/blog\/"},{"@type":"ListItem","position":2,"name":"\u00c9tiquettes autocollantes My Nametags pour le bureau"}]},{"@type":"WebSite","@id":"https:\/\/www.mynametags.be\/FR\/blog\/#website","url":"https:\/\/www.mynametags.be\/FR\/blog\/","name":"Le blog de My Nametags Belgi\u00eb","description":"","potentialAction":[{"@type":"SearchAction","target":{"@type":"EntryPoint","urlTemplate":"https:\/\/www.mynametags.be\/FR\/blog\/?s={search_term_string}"},"query-input":{"@type":"PropertyValueSpecification","valueRequired":true,"valueName":"search_term_string"}}],"inLanguage":"en-US"},{"@type":"Person","@id":"https:\/\/www.mynametags.be\/FR\/blog\/#\/schema\/person\/87141ceabf45386732788339a4bcbbff","name":"admin","image":{"@type":"ImageObject","inLanguage":"en-US","@id":"https:\/\/secure.gravatar.com\/avatar\/27b864c344d0ba647defbb14d62338d7e0dbb466a73b4966351866c8441fdae1?s=96&d=mm&r=g","url":"https:\/\/secure.gravatar.com\/avatar\/27b864c344d0ba647defbb14d62338d7e0dbb466a73b4966351866c8441fdae1?s=96&d=mm&r=g","contentUrl":"https:\/\/secure.gravatar.com\/avatar\/27b864c344d0ba647defbb14d62338d7e0dbb466a73b4966351866c8441fdae1?s=96&d=mm&r=g","caption":"admin"},"url":"https:\/\/www.mynametags.be\/FR\/blog\/author\/admin\/"}]}},"post_mailing_queue_ids":[],"_links":{"self":[{"href":"https:\/\/www.mynametags.be\/FR\/blog\/wp-json\/wp\/v2\/posts\/431","targetHints":{"allow":["GET"]}}],"collection":[{"href":"https:\/\/www.mynametags.be\/FR\/blog\/wp-json\/wp\/v2\/posts"}],"about":[{"href":"https:\/\/www.mynametags.be\/FR\/blog\/wp-json\/wp\/v2\/types\/post"}],"author":[{"embeddable":true,"href":"https:\/\/www.mynametags.be\/FR\/blog\/wp-json\/wp\/v2\/users\/1"}],"replies":[{"embeddable":true,"href":"https:\/\/www.mynametags.be\/FR\/blog\/wp-json\/wp\/v2\/comments?post=431"}],"version-history":[{"count":3,"href":"https:\/\/www.mynametags.be\/FR\/blog\/wp-json\/wp\/v2\/posts\/431\/revisions"}],"predecessor-version":[{"id":732,"href":"https:\/\/www.mynametags.be\/FR\/blog\/wp-json\/wp\/v2\/posts\/431\/revisions\/732"}],"wp:attachment":[{"href":"https:\/\/www.mynametags.be\/FR\/blog\/wp-json\/wp\/v2\/media?parent=431"}],"wp:term":[{"taxonomy":"category","embeddable":true,"href":"https:\/\/www.mynametags.be\/FR\/blog\/wp-json\/wp\/v2\/categories?post=431"},{"taxonomy":"post_tag","embeddable":true,"href":"https:\/\/www.mynametags.be\/FR\/blog\/wp-json\/wp\/v2\/tags?post=431"}],"curies":[{"name":"wp","href":"https:\/\/api.w.org\/{rel}","templated":true}]}}