{"id":376,"date":"2019-07-19T15:16:34","date_gmt":"2019-07-19T15:16:34","guid":{"rendered":"https:\/\/www.mynametags.be\/FR\/blog\/?p=376"},"modified":"2022-07-27T16:45:09","modified_gmt":"2022-07-27T16:45:09","slug":"les-ministickers-sont-arrives","status":"publish","type":"post","link":"https:\/\/www.mynametags.be\/FR\/blog\/2019\/07\/les-ministickers-sont-arrives\/","title":{"rendered":"Les Ministickers sont arriv\u00e9s !"},"content":{"rendered":"<p>Nos nouveaux <a href=\"https:\/\/www.mynametags.be\/FR\/ministickers\">Ministickers<\/a> sont parfaits pour \u00e9tiqueter rapidement de grandes quantit\u00e9s d\u2019\u00e9quipements. Avec 175 autocollants par lot, chaque livre, stylo ou crayon peut \u00eatre \u00e9tiquet\u00e9, pr\u00eat pour l\u2019\u00e9cole. Tout comme nos \u00e9tiquettes autocollantes couleur, les Ministickers sont 100% imperm\u00e9ables, r\u00e9sistants au frottement et con\u00e7us pour r\u00e9sister aux rigueurs de la vie quotidienne \u00e0 l&#8217;\u00e9cole.<\/p>\n<p>\u00c9l\u00e9gants et discrets, ils sont \u00e9galement une excellente option pour les enfants plus \u00e2g\u00e9s ou les adultes. Il est possible de choisir parmi 4 palettes de couleurs diff\u00e9rentes: Lollipop, Mint, Cupcake et Plain. <a href=\"https:\/\/www.mynametags.be\/FR\/ministickers\" target=\"_blank\" rel=\"noopener noreferrer\">Cliquez ici pour commander votre lot d\u00e8s maintenant !<\/a><\/p>\n<p>Nous pensons qu\u2019ils sont excellents et, pour cette raison, nous souhaitons offrir gratuitement un lot de Ministickers \u00e0 5 de nos clients chanceux ! Pour avoir une chance de gagner votre lot, suivez-nous simplement sur Instagram et remplissez <a href=\"https:\/\/docs.google.com\/forms\/d\/e\/1FAIpQLSeDO2rBmhLxMA3IBOwaH4setC16Msm8mImGMrTJPd5oRuEOMA\/viewform\" target=\"_blank\" rel=\"noopener noreferrer\">ce formulaire<\/a> &#8211; Les conditions compl\u00e8tes ci-dessous.<\/p>\n<p><img fetchpriority=\"high\" decoding=\"async\" class=\"alignnone wp-image-377\" src=\"https:\/\/www.mynametags.be\/FR\/blog\/wp-content\/uploads\/2019\/07\/1_Mini_Stickers_Carroussel1.png\" alt=\"1_Mini_Stickers_Carroussel1\" width=\"479\" height=\"479\" srcset=\"https:\/\/www.mynametags.be\/FR\/blog\/wp-content\/uploads\/2019\/07\/1_Mini_Stickers_Carroussel1.png 600w, https:\/\/www.mynametags.be\/FR\/blog\/wp-content\/uploads\/2019\/07\/1_Mini_Stickers_Carroussel1-150x150.png 150w, https:\/\/www.mynametags.be\/FR\/blog\/wp-content\/uploads\/2019\/07\/1_Mini_Stickers_Carroussel1-300x300.png 300w\" sizes=\"(max-width: 479px) 100vw, 479px\" \/><\/p>\n<p><img decoding=\"async\" class=\"alignnone wp-image-378\" src=\"https:\/\/www.mynametags.be\/FR\/blog\/wp-content\/uploads\/2019\/07\/1_Mini_Stickers_Carroussel2.png\" alt=\"1_Mini_Stickers_Carroussel2\" width=\"477\" height=\"406\" srcset=\"https:\/\/www.mynametags.be\/FR\/blog\/wp-content\/uploads\/2019\/07\/1_Mini_Stickers_Carroussel2.png 700w, https:\/\/www.mynametags.be\/FR\/blog\/wp-content\/uploads\/2019\/07\/1_Mini_Stickers_Carroussel2-300x255.png 300w\" sizes=\"(max-width: 477px) 100vw, 477px\" \/><\/p>\n<p><img decoding=\"async\" class=\"alignnone wp-image-379\" src=\"https:\/\/www.mynametags.be\/FR\/blog\/wp-content\/uploads\/2019\/07\/1_Mini_Stickers_Carroussel4.png\" alt=\"1_Mini_Stickers_Carroussel4\" width=\"476\" height=\"476\" srcset=\"https:\/\/www.mynametags.be\/FR\/blog\/wp-content\/uploads\/2019\/07\/1_Mini_Stickers_Carroussel4.png 600w, https:\/\/www.mynametags.be\/FR\/blog\/wp-content\/uploads\/2019\/07\/1_Mini_Stickers_Carroussel4-150x150.png 150w, https:\/\/www.mynametags.be\/FR\/blog\/wp-content\/uploads\/2019\/07\/1_Mini_Stickers_Carroussel4-300x300.png 300w\" sizes=\"(max-width: 476px) 100vw, 476px\" \/><\/p>\n<p><strong>Termes et conditions:<br \/>\n<\/strong><br \/>\nLes participants doivent \u00eatre \u00e2g\u00e9s de 18 ans ou plus.<\/p>\n<p>La comp\u00e9tition se termine \u00e0 minuit le 08\/08\/2019.<\/p>\n<p>Les gagnants seront avertis par courrier \u00e9lectronique ou via les m\u00e9dias sociaux dans la semaine suivant la date de cl\u00f4ture.<\/p>\n<p>Le gagnant disposera de 7 jours pour r\u00e9pondre. Pass\u00e9 ce d\u00e9lai, nous nous r\u00e9servons le droit de choisir un autre gagnant.<\/p>\n<p>Il n&#8217;y a pas de solution en esp\u00e8ces ou autre prix disponible en totalit\u00e9 ou en partie.<\/p>\n<p>Les inscriptions incompl\u00e8tes, illisibles ou frauduleuses seront consid\u00e9r\u00e9es comme non valides. Aucune responsabilit\u00e9 ne sera accept\u00e9e pour les inscriptions perdues, corrompues ou en retard de transmission.<\/p>\n<p>Les entr\u00e9es en vrac effectu\u00e9es aupr\u00e8s de professionnels, de groupes de consommateurs ou de tiers ne seront pas accept\u00e9es.<\/p>\n<p>Les donn\u00e9es sont conserv\u00e9es selon les termes de notre politique de confidentialit\u00e9 et de nos termes et conditions.<\/p>\n<p>La participation au concours autorise My Nametags \u00e0 vous contacter.<\/p>\n","protected":false},"excerpt":{"rendered":"<p>Nos nouveaux Ministickers sont parfaits pour \u00e9tiqueter rapidement de grandes quantit\u00e9s d\u2019\u00e9quipements. Avec 175 autocollants par lot, chaque livre, stylo ou crayon peut \u00eatre \u00e9tiquet\u00e9, pr\u00eat pour l\u2019\u00e9cole. Tout comme nos \u00e9tiquettes autocollantes couleur, les Ministickers sont 100% imperm\u00e9ables, r\u00e9sistants au frottement et con\u00e7us pour r\u00e9sister aux rigueurs de la vie quotidienne \u00e0 l&#8217;\u00e9cole. \u00c9l\u00e9gants [&hellip;]<\/p>\n","protected":false},"author":1,"featured_media":381,"comment_status":"closed","ping_status":"open","sticky":false,"template":"","format":"standard","meta":{"rop_custom_images_group":[],"rop_custom_messages_group":[],"rop_publish_now":"initial","rop_publish_now_accounts":[],"rop_publish_now_history":[],"rop_publish_now_status":"pending","ocean_post_layout":"","ocean_both_sidebars_style":"","ocean_both_sidebars_content_width":0,"ocean_both_sidebars_sidebars_width":0,"ocean_sidebar":"","ocean_second_sidebar":"","ocean_disable_margins":"enable","ocean_add_body_class":"","ocean_shortcode_before_top_bar":"","ocean_shortcode_after_top_bar":"","ocean_shortcode_before_header":"","ocean_shortcode_after_header":"","ocean_has_shortcode":"","ocean_shortcode_after_title":"","ocean_shortcode_before_footer_widgets":"","ocean_shortcode_after_footer_widgets":"","ocean_shortcode_before_footer_bottom":"","ocean_shortcode_after_footer_bottom":"","ocean_display_top_bar":"default","ocean_display_header":"default","ocean_header_style":"","ocean_center_header_left_menu":"","ocean_custom_header_template":"","ocean_custom_logo":0,"ocean_custom_retina_logo":0,"ocean_custom_logo_max_width":0,"ocean_custom_logo_tablet_max_width":0,"ocean_custom_logo_mobile_max_width":0,"ocean_custom_logo_max_height":0,"ocean_custom_logo_tablet_max_height":0,"ocean_custom_logo_mobile_max_height":0,"ocean_header_custom_menu":"","ocean_menu_typo_font_family":"","ocean_menu_typo_font_subset":"","ocean_menu_typo_font_size":0,"ocean_menu_typo_font_size_tablet":0,"ocean_menu_typo_font_size_mobile":0,"ocean_menu_typo_font_size_unit":"px","ocean_menu_typo_font_weight":"","ocean_menu_typo_font_weight_tablet":"","ocean_menu_typo_font_weight_mobile":"","ocean_menu_typo_transform":"","ocean_menu_typo_transform_tablet":"","ocean_menu_typo_transform_mobile":"","ocean_menu_typo_line_height":0,"ocean_menu_typo_line_height_tablet":0,"ocean_menu_typo_line_height_mobile":0,"ocean_menu_typo_line_height_unit":"","ocean_menu_typo_spacing":0,"ocean_menu_typo_spacing_tablet":0,"ocean_menu_typo_spacing_mobile":0,"ocean_menu_typo_spacing_unit":"","ocean_menu_link_color":"","ocean_menu_link_color_hover":"","ocean_menu_link_color_active":"","ocean_menu_link_background":"","ocean_menu_link_hover_background":"","ocean_menu_link_active_background":"","ocean_menu_social_links_bg":"","ocean_menu_social_hover_links_bg":"","ocean_menu_social_links_color":"","ocean_menu_social_hover_links_color":"","ocean_disable_title":"default","ocean_disable_heading":"default","ocean_post_title":"","ocean_post_subheading":"","ocean_post_title_style":"","ocean_post_title_background_color":"","ocean_post_title_background":0,"ocean_post_title_bg_image_position":"","ocean_post_title_bg_image_attachment":"","ocean_post_title_bg_image_repeat":"","ocean_post_title_bg_image_size":"","ocean_post_title_height":0,"ocean_post_title_bg_overlay":0.5,"ocean_post_title_bg_overlay_color":"","ocean_disable_breadcrumbs":"default","ocean_breadcrumbs_color":"","ocean_breadcrumbs_separator_color":"","ocean_breadcrumbs_links_color":"","ocean_breadcrumbs_links_hover_color":"","ocean_display_footer_widgets":"default","ocean_display_footer_bottom":"default","ocean_custom_footer_template":"","ocean_post_oembed":"","ocean_post_self_hosted_media":"","ocean_post_video_embed":"","ocean_link_format":"","ocean_link_format_target":"self","ocean_quote_format":"","ocean_quote_format_link":"post","ocean_gallery_link_images":"on","ocean_gallery_id":[],"footnotes":""},"categories":[1],"tags":[],"class_list":["post-376","post","type-post","status-publish","format-standard","has-post-thumbnail","hentry","category-uncategorized","entry","has-media"],"yoast_head":"<!-- This site is optimized with the Yoast SEO plugin v27.3 - https:\/\/yoast.com\/product\/yoast-seo-wordpress\/ -->\n<title>Les Ministickers sont arriv\u00e9s ! - Le blog de My Nametags Belgi\u00eb<\/title>\n<meta name=\"description\" content=\"Les Ministickers sont arriv\u00e9s ! - Le blog de My Nametags Belgique\" \/>\n<meta name=\"robots\" content=\"index, follow, max-snippet:-1, max-image-preview:large, max-video-preview:-1\" \/>\n<link rel=\"canonical\" href=\"https:\/\/www.mynametags.be\/FR\/blog\/2019\/07\/les-ministickers-sont-arrives\/\" \/>\n<meta property=\"og:locale\" content=\"en_US\" \/>\n<meta property=\"og:type\" content=\"article\" \/>\n<meta property=\"og:title\" content=\"Les Ministickers sont arriv\u00e9s ! - Le blog de My Nametags Belgi\u00eb\" \/>\n<meta property=\"og:description\" content=\"Les Ministickers sont arriv\u00e9s ! - Le blog de My Nametags Belgique\" \/>\n<meta property=\"og:url\" content=\"https:\/\/www.mynametags.be\/FR\/blog\/2019\/07\/les-ministickers-sont-arrives\/\" \/>\n<meta property=\"og:site_name\" content=\"Le blog de My Nametags Belgi\u00eb\" \/>\n<meta property=\"article:published_time\" content=\"2019-07-19T15:16:34+00:00\" \/>\n<meta property=\"article:modified_time\" content=\"2022-07-27T16:45:09+00:00\" \/>\n<meta property=\"og:image\" content=\"https:\/\/www.mynametags.be\/FR\/blog\/wp-content\/uploads\/2019\/07\/03_Ministrickers.png\" \/>\n\t<meta property=\"og:image:width\" content=\"500\" \/>\n\t<meta property=\"og:image:height\" content=\"334\" \/>\n\t<meta property=\"og:image:type\" content=\"image\/png\" \/>\n<meta name=\"author\" content=\"admin\" \/>\n<meta name=\"twitter:card\" content=\"summary_large_image\" \/>\n<meta name=\"twitter:label1\" content=\"Written by\" \/>\n\t<meta name=\"twitter:data1\" content=\"admin\" \/>\n\t<meta name=\"twitter:label2\" content=\"Est. reading time\" \/>\n\t<meta name=\"twitter:data2\" content=\"2 minutes\" \/>\n<script type=\"application\/ld+json\" class=\"yoast-schema-graph\">{\"@context\":\"https:\\\/\\\/schema.org\",\"@graph\":[{\"@type\":\"Article\",\"@id\":\"https:\\\/\\\/www.mynametags.be\\\/FR\\\/blog\\\/2019\\\/07\\\/les-ministickers-sont-arrives\\\/#article\",\"isPartOf\":{\"@id\":\"https:\\\/\\\/www.mynametags.be\\\/FR\\\/blog\\\/2019\\\/07\\\/les-ministickers-sont-arrives\\\/\"},\"author\":{\"name\":\"admin\",\"@id\":\"https:\\\/\\\/www.mynametags.be\\\/FR\\\/blog\\\/#\\\/schema\\\/person\\\/87141ceabf45386732788339a4bcbbff\"},\"headline\":\"Les Ministickers sont arriv\u00e9s !\",\"datePublished\":\"2019-07-19T15:16:34+00:00\",\"dateModified\":\"2022-07-27T16:45:09+00:00\",\"mainEntityOfPage\":{\"@id\":\"https:\\\/\\\/www.mynametags.be\\\/FR\\\/blog\\\/2019\\\/07\\\/les-ministickers-sont-arrives\\\/\"},\"wordCount\":318,\"image\":{\"@id\":\"https:\\\/\\\/www.mynametags.be\\\/FR\\\/blog\\\/2019\\\/07\\\/les-ministickers-sont-arrives\\\/#primaryimage\"},\"thumbnailUrl\":\"https:\\\/\\\/www.mynametags.be\\\/FR\\\/blog\\\/wp-content\\\/uploads\\\/2019\\\/07\\\/03_Ministrickers.png\",\"inLanguage\":\"en-US\"},{\"@type\":\"WebPage\",\"@id\":\"https:\\\/\\\/www.mynametags.be\\\/FR\\\/blog\\\/2019\\\/07\\\/les-ministickers-sont-arrives\\\/\",\"url\":\"https:\\\/\\\/www.mynametags.be\\\/FR\\\/blog\\\/2019\\\/07\\\/les-ministickers-sont-arrives\\\/\",\"name\":\"Les Ministickers sont arriv\u00e9s ! - Le blog de My Nametags Belgi\u00eb\",\"isPartOf\":{\"@id\":\"https:\\\/\\\/www.mynametags.be\\\/FR\\\/blog\\\/#website\"},\"primaryImageOfPage\":{\"@id\":\"https:\\\/\\\/www.mynametags.be\\\/FR\\\/blog\\\/2019\\\/07\\\/les-ministickers-sont-arrives\\\/#primaryimage\"},\"image\":{\"@id\":\"https:\\\/\\\/www.mynametags.be\\\/FR\\\/blog\\\/2019\\\/07\\\/les-ministickers-sont-arrives\\\/#primaryimage\"},\"thumbnailUrl\":\"https:\\\/\\\/www.mynametags.be\\\/FR\\\/blog\\\/wp-content\\\/uploads\\\/2019\\\/07\\\/03_Ministrickers.png\",\"datePublished\":\"2019-07-19T15:16:34+00:00\",\"dateModified\":\"2022-07-27T16:45:09+00:00\",\"author\":{\"@id\":\"https:\\\/\\\/www.mynametags.be\\\/FR\\\/blog\\\/#\\\/schema\\\/person\\\/87141ceabf45386732788339a4bcbbff\"},\"description\":\"Les Ministickers sont arriv\u00e9s ! - Le blog de My Nametags Belgique\",\"breadcrumb\":{\"@id\":\"https:\\\/\\\/www.mynametags.be\\\/FR\\\/blog\\\/2019\\\/07\\\/les-ministickers-sont-arrives\\\/#breadcrumb\"},\"inLanguage\":\"en-US\",\"potentialAction\":[{\"@type\":\"ReadAction\",\"target\":[\"https:\\\/\\\/www.mynametags.be\\\/FR\\\/blog\\\/2019\\\/07\\\/les-ministickers-sont-arrives\\\/\"]}]},{\"@type\":\"ImageObject\",\"inLanguage\":\"en-US\",\"@id\":\"https:\\\/\\\/www.mynametags.be\\\/FR\\\/blog\\\/2019\\\/07\\\/les-ministickers-sont-arrives\\\/#primaryimage\",\"url\":\"https:\\\/\\\/www.mynametags.be\\\/FR\\\/blog\\\/wp-content\\\/uploads\\\/2019\\\/07\\\/03_Ministrickers.png\",\"contentUrl\":\"https:\\\/\\\/www.mynametags.be\\\/FR\\\/blog\\\/wp-content\\\/uploads\\\/2019\\\/07\\\/03_Ministrickers.png\",\"width\":500,\"height\":334},{\"@type\":\"BreadcrumbList\",\"@id\":\"https:\\\/\\\/www.mynametags.be\\\/FR\\\/blog\\\/2019\\\/07\\\/les-ministickers-sont-arrives\\\/#breadcrumb\",\"itemListElement\":[{\"@type\":\"ListItem\",\"position\":1,\"name\":\"Home\",\"item\":\"https:\\\/\\\/www.mynametags.be\\\/FR\\\/blog\\\/\"},{\"@type\":\"ListItem\",\"position\":2,\"name\":\"Les Ministickers sont arriv\u00e9s !\"}]},{\"@type\":\"WebSite\",\"@id\":\"https:\\\/\\\/www.mynametags.be\\\/FR\\\/blog\\\/#website\",\"url\":\"https:\\\/\\\/www.mynametags.be\\\/FR\\\/blog\\\/\",\"name\":\"Le blog de My Nametags Belgi\u00eb\",\"description\":\"\",\"potentialAction\":[{\"@type\":\"SearchAction\",\"target\":{\"@type\":\"EntryPoint\",\"urlTemplate\":\"https:\\\/\\\/www.mynametags.be\\\/FR\\\/blog\\\/?s={search_term_string}\"},\"query-input\":{\"@type\":\"PropertyValueSpecification\",\"valueRequired\":true,\"valueName\":\"search_term_string\"}}],\"inLanguage\":\"en-US\"},{\"@type\":\"Person\",\"@id\":\"https:\\\/\\\/www.mynametags.be\\\/FR\\\/blog\\\/#\\\/schema\\\/person\\\/87141ceabf45386732788339a4bcbbff\",\"name\":\"admin\",\"image\":{\"@type\":\"ImageObject\",\"inLanguage\":\"en-US\",\"@id\":\"https:\\\/\\\/secure.gravatar.com\\\/avatar\\\/27b864c344d0ba647defbb14d62338d7e0dbb466a73b4966351866c8441fdae1?s=96&d=mm&r=g\",\"url\":\"https:\\\/\\\/secure.gravatar.com\\\/avatar\\\/27b864c344d0ba647defbb14d62338d7e0dbb466a73b4966351866c8441fdae1?s=96&d=mm&r=g\",\"contentUrl\":\"https:\\\/\\\/secure.gravatar.com\\\/avatar\\\/27b864c344d0ba647defbb14d62338d7e0dbb466a73b4966351866c8441fdae1?s=96&d=mm&r=g\",\"caption\":\"admin\"},\"url\":\"https:\\\/\\\/www.mynametags.be\\\/FR\\\/blog\\\/author\\\/admin\\\/\"}]}<\/script>\n<!-- \/ Yoast SEO plugin. -->","yoast_head_json":{"title":"Les Ministickers sont arriv\u00e9s ! - Le blog de My Nametags Belgi\u00eb","description":"Les Ministickers sont arriv\u00e9s ! - Le blog de My Nametags Belgique","robots":{"index":"index","follow":"follow","max-snippet":"max-snippet:-1","max-image-preview":"max-image-preview:large","max-video-preview":"max-video-preview:-1"},"canonical":"https:\/\/www.mynametags.be\/FR\/blog\/2019\/07\/les-ministickers-sont-arrives\/","og_locale":"en_US","og_type":"article","og_title":"Les Ministickers sont arriv\u00e9s ! - Le blog de My Nametags Belgi\u00eb","og_description":"Les Ministickers sont arriv\u00e9s ! - Le blog de My Nametags Belgique","og_url":"https:\/\/www.mynametags.be\/FR\/blog\/2019\/07\/les-ministickers-sont-arrives\/","og_site_name":"Le blog de My Nametags Belgi\u00eb","article_published_time":"2019-07-19T15:16:34+00:00","article_modified_time":"2022-07-27T16:45:09+00:00","og_image":[{"width":500,"height":334,"url":"https:\/\/www.mynametags.be\/FR\/blog\/wp-content\/uploads\/2019\/07\/03_Ministrickers.png","type":"image\/png"}],"author":"admin","twitter_card":"summary_large_image","twitter_misc":{"Written by":"admin","Est. reading time":"2 minutes"},"schema":{"@context":"https:\/\/schema.org","@graph":[{"@type":"Article","@id":"https:\/\/www.mynametags.be\/FR\/blog\/2019\/07\/les-ministickers-sont-arrives\/#article","isPartOf":{"@id":"https:\/\/www.mynametags.be\/FR\/blog\/2019\/07\/les-ministickers-sont-arrives\/"},"author":{"name":"admin","@id":"https:\/\/www.mynametags.be\/FR\/blog\/#\/schema\/person\/87141ceabf45386732788339a4bcbbff"},"headline":"Les Ministickers sont arriv\u00e9s !","datePublished":"2019-07-19T15:16:34+00:00","dateModified":"2022-07-27T16:45:09+00:00","mainEntityOfPage":{"@id":"https:\/\/www.mynametags.be\/FR\/blog\/2019\/07\/les-ministickers-sont-arrives\/"},"wordCount":318,"image":{"@id":"https:\/\/www.mynametags.be\/FR\/blog\/2019\/07\/les-ministickers-sont-arrives\/#primaryimage"},"thumbnailUrl":"https:\/\/www.mynametags.be\/FR\/blog\/wp-content\/uploads\/2019\/07\/03_Ministrickers.png","inLanguage":"en-US"},{"@type":"WebPage","@id":"https:\/\/www.mynametags.be\/FR\/blog\/2019\/07\/les-ministickers-sont-arrives\/","url":"https:\/\/www.mynametags.be\/FR\/blog\/2019\/07\/les-ministickers-sont-arrives\/","name":"Les Ministickers sont arriv\u00e9s ! - Le blog de My Nametags Belgi\u00eb","isPartOf":{"@id":"https:\/\/www.mynametags.be\/FR\/blog\/#website"},"primaryImageOfPage":{"@id":"https:\/\/www.mynametags.be\/FR\/blog\/2019\/07\/les-ministickers-sont-arrives\/#primaryimage"},"image":{"@id":"https:\/\/www.mynametags.be\/FR\/blog\/2019\/07\/les-ministickers-sont-arrives\/#primaryimage"},"thumbnailUrl":"https:\/\/www.mynametags.be\/FR\/blog\/wp-content\/uploads\/2019\/07\/03_Ministrickers.png","datePublished":"2019-07-19T15:16:34+00:00","dateModified":"2022-07-27T16:45:09+00:00","author":{"@id":"https:\/\/www.mynametags.be\/FR\/blog\/#\/schema\/person\/87141ceabf45386732788339a4bcbbff"},"description":"Les Ministickers sont arriv\u00e9s ! - Le blog de My Nametags Belgique","breadcrumb":{"@id":"https:\/\/www.mynametags.be\/FR\/blog\/2019\/07\/les-ministickers-sont-arrives\/#breadcrumb"},"inLanguage":"en-US","potentialAction":[{"@type":"ReadAction","target":["https:\/\/www.mynametags.be\/FR\/blog\/2019\/07\/les-ministickers-sont-arrives\/"]}]},{"@type":"ImageObject","inLanguage":"en-US","@id":"https:\/\/www.mynametags.be\/FR\/blog\/2019\/07\/les-ministickers-sont-arrives\/#primaryimage","url":"https:\/\/www.mynametags.be\/FR\/blog\/wp-content\/uploads\/2019\/07\/03_Ministrickers.png","contentUrl":"https:\/\/www.mynametags.be\/FR\/blog\/wp-content\/uploads\/2019\/07\/03_Ministrickers.png","width":500,"height":334},{"@type":"BreadcrumbList","@id":"https:\/\/www.mynametags.be\/FR\/blog\/2019\/07\/les-ministickers-sont-arrives\/#breadcrumb","itemListElement":[{"@type":"ListItem","position":1,"name":"Home","item":"https:\/\/www.mynametags.be\/FR\/blog\/"},{"@type":"ListItem","position":2,"name":"Les Ministickers sont arriv\u00e9s !"}]},{"@type":"WebSite","@id":"https:\/\/www.mynametags.be\/FR\/blog\/#website","url":"https:\/\/www.mynametags.be\/FR\/blog\/","name":"Le blog de My Nametags Belgi\u00eb","description":"","potentialAction":[{"@type":"SearchAction","target":{"@type":"EntryPoint","urlTemplate":"https:\/\/www.mynametags.be\/FR\/blog\/?s={search_term_string}"},"query-input":{"@type":"PropertyValueSpecification","valueRequired":true,"valueName":"search_term_string"}}],"inLanguage":"en-US"},{"@type":"Person","@id":"https:\/\/www.mynametags.be\/FR\/blog\/#\/schema\/person\/87141ceabf45386732788339a4bcbbff","name":"admin","image":{"@type":"ImageObject","inLanguage":"en-US","@id":"https:\/\/secure.gravatar.com\/avatar\/27b864c344d0ba647defbb14d62338d7e0dbb466a73b4966351866c8441fdae1?s=96&d=mm&r=g","url":"https:\/\/secure.gravatar.com\/avatar\/27b864c344d0ba647defbb14d62338d7e0dbb466a73b4966351866c8441fdae1?s=96&d=mm&r=g","contentUrl":"https:\/\/secure.gravatar.com\/avatar\/27b864c344d0ba647defbb14d62338d7e0dbb466a73b4966351866c8441fdae1?s=96&d=mm&r=g","caption":"admin"},"url":"https:\/\/www.mynametags.be\/FR\/blog\/author\/admin\/"}]}},"post_mailing_queue_ids":[],"_links":{"self":[{"href":"https:\/\/www.mynametags.be\/FR\/blog\/wp-json\/wp\/v2\/posts\/376","targetHints":{"allow":["GET"]}}],"collection":[{"href":"https:\/\/www.mynametags.be\/FR\/blog\/wp-json\/wp\/v2\/posts"}],"about":[{"href":"https:\/\/www.mynametags.be\/FR\/blog\/wp-json\/wp\/v2\/types\/post"}],"author":[{"embeddable":true,"href":"https:\/\/www.mynametags.be\/FR\/blog\/wp-json\/wp\/v2\/users\/1"}],"replies":[{"embeddable":true,"href":"https:\/\/www.mynametags.be\/FR\/blog\/wp-json\/wp\/v2\/comments?post=376"}],"version-history":[{"count":8,"href":"https:\/\/www.mynametags.be\/FR\/blog\/wp-json\/wp\/v2\/posts\/376\/revisions"}],"predecessor-version":[{"id":762,"href":"https:\/\/www.mynametags.be\/FR\/blog\/wp-json\/wp\/v2\/posts\/376\/revisions\/762"}],"wp:featuredmedia":[{"embeddable":true,"href":"https:\/\/www.mynametags.be\/FR\/blog\/wp-json\/wp\/v2\/media\/381"}],"wp:attachment":[{"href":"https:\/\/www.mynametags.be\/FR\/blog\/wp-json\/wp\/v2\/media?parent=376"}],"wp:term":[{"taxonomy":"category","embeddable":true,"href":"https:\/\/www.mynametags.be\/FR\/blog\/wp-json\/wp\/v2\/categories?post=376"},{"taxonomy":"post_tag","embeddable":true,"href":"https:\/\/www.mynametags.be\/FR\/blog\/wp-json\/wp\/v2\/tags?post=376"}],"curies":[{"name":"wp","href":"https:\/\/api.w.org\/{rel}","templated":true}]}}