{"id":209,"date":"2018-04-10T13:00:27","date_gmt":"2018-04-10T13:00:27","guid":{"rendered":"https:\/\/www.mynametags.be\/FR\/blog\/?p=209"},"modified":"2022-06-18T19:41:19","modified_gmt":"2022-06-18T19:41:19","slug":"nos-nouveaux-dessins-allergie-2","status":"publish","type":"post","link":"https:\/\/www.mynametags.be\/FR\/blog\/2018\/04\/nos-nouveaux-dessins-allergie-2\/","title":{"rendered":"Nos nouveaux dessins allergie"},"content":{"rendered":"<p>L\u2019allergie\u2019 est \u00a0la maladie chronique la plus commune en Europe et il n\u2019est \u00a0pas \u00e9tonnant que les parents se questionnent sur ce qu\u2019ils peuvent faire pour r\u00e9duire les risques d\u2019allergies alimentaires pour leur enfant. Une des choses les plus importantes \u00e0 faire en tant que parent est d\u2019alerter l\u2019entourage de votre enfant, y compris le personnel de leur cr\u00e8che et \u00e9cole.<\/p>\n<p>My Nametags \u00a0a d\u00e9velopp\u00e9 une s\u00e9rie d\u2019\u00e9tiquettes avec des \u00a0dessins \u201callergie\u201d que vous pouvez personnaliser avec le nom de votre enfant et coller sur leurs sacs, bouteilles d\u2019eau ou partout o\u00f9 cela est n\u00e9cessaire. Vous pouvez cr\u00e9er \u00a0votre lot d\u2019<u>\u00e9tiquettes \u00a0My Nametags ici<\/u>.<\/p>\n<p>Environ 90% des r\u00e9actions allergiques sont caus\u00e9es par quelques aliments seulement.<\/p>\n<p>Les aliments cl\u00e9s sont :<\/p>\n<p><img decoding=\"async\" class=\"alignnone size-full wp-image-226 aligncenter\" src=\"https:\/\/www.mynametags.be\/FR\/blog\/wp-content\/uploads\/2018\/04\/1-1.png\" alt=\"1\" width=\"222\" height=\"99\" \/><\/p>\n<p style=\"text-align: center;\"><strong>\u00a0 \u00a0 \u00a0 \u00a0 \u00a0 \u00a0 \u00a0 \u00a0 \u00a0 \u00a0 \u00a0 \u00a0 \u00a0 \u00a0 \u00a0 \u00a0 \u00a0 \u00a0 \u00a0 \u00a0 \u00a0 \u00a0 \u00a0Les produits laitiers\u00a0 \u00a0 \u00a0 \u00a0 \u00a0 \u00a0 \u00a0 \u00a0 \u00a0 \u00a0 \u00a0 \u00a0 \u00a0 \u00a0 \u00a0 \u00a0 \u00a0 \u00a0 \u00a0 \u00a0 \u00a0 \u00a0<\/strong><\/p>\n<p><img decoding=\"async\" class=\"size-full wp-image-224 aligncenter\" src=\"https:\/\/www.mynametags.be\/FR\/blog\/wp-content\/uploads\/2018\/04\/7.png\" alt=\"7\" width=\"222\" height=\"99\" \/><\/p>\n<p style=\"text-align: center;\"><strong>Les \u0153ufs<\/strong><br \/>\n<img decoding=\"async\" class=\"size-full wp-image-225 aligncenter\" src=\"https:\/\/www.mynametags.be\/FR\/blog\/wp-content\/uploads\/2018\/04\/8.png\" alt=\"8\" width=\"222\" height=\"99\" \/><\/p>\n<p style=\"text-align: center;\"><strong>\u00a0 \u00a0 \u00a0 \u00a0 \u00a0 \u00a0 \u00a0 \u00a0 \u00a0 \u00a0 \u00a0 \u00a0 \u00a0 \u00a0 \u00a0 \u00a0 \u00a0 \u00a0 \u00a0 \u00a0 \u00a0 \u00a0 \u00a0 \u00a0 \u00a0 \u00a0 \u00a0Le bl\u00e9\/Gluten\u00a0 \u00a0 \u00a0 \u00a0 \u00a0 \u00a0 \u00a0 \u00a0 \u00a0 \u00a0 \u00a0 \u00a0 \u00a0 \u00a0 \u00a0 \u00a0 \u00a0 \u00a0 \u00a0 \u00a0 \u00a0 \u00a0 \u00a0 \u00a0 \u00a0 \u00a0 \u00a0 \u00a0 <\/strong><\/p>\n<p><img loading=\"lazy\" decoding=\"async\" class=\"size-full wp-image-228 aligncenter\" src=\"https:\/\/www.mynametags.be\/FR\/blog\/wp-content\/uploads\/2018\/04\/5.png\" alt=\"5\" width=\"222\" height=\"99\" \/><\/p>\n<p style=\"text-align: center;\"><strong>Les noix<\/strong><br \/>\n<img loading=\"lazy\" decoding=\"async\" class=\"size-full wp-image-227 aligncenter\" src=\"https:\/\/www.mynametags.be\/FR\/blog\/wp-content\/uploads\/2018\/04\/2.png\" alt=\"2\" width=\"222\" height=\"99\" \/><\/p>\n<p style=\"text-align: center;\"><strong>Les fruits de mer\u00a0 \u00a0<\/strong><\/p>\n<p style=\"text-align: center;\"><img loading=\"lazy\" decoding=\"async\" class=\"alignnone size-full wp-image-223\" src=\"https:\/\/www.mynametags.be\/FR\/blog\/wp-content\/uploads\/2018\/04\/4.png\" alt=\"4\" width=\"222\" height=\"99\" \/><\/p>\n<p style=\"text-align: center;\"><strong>\u00a0 \u00a0 \u00a0 Les crustac\u00e9s \u00a0<\/strong><\/p>\n<p>Les autres aliments qui causent des allergies assez fr\u00e9quemment \u00a0sont le soja, s\u00e9same et kiwi. Le haut niveau d\u2019histamine des tomates et fraises cause souvent des \u00e9ruptions sur la peau apr\u00e8s les avoir mang\u00e9 mais il est rare que ces aliments soient allerg\u00e8nes.<\/p>\n<p><img loading=\"lazy\" decoding=\"async\" class=\"size-full wp-image-248 aligncenter\" src=\"https:\/\/www.mynametags.be\/FR\/blog\/wp-content\/uploads\/2018\/04\/BFR-FR-Sulphates-R.png\" alt=\"BFR-FR-Sulphates R\" width=\"222\" height=\"99\" \/><\/p>\n<p style=\"text-align: center;\"><strong>Sulfates\u00a0(SO\u00b2)\u00a0 \u00a0 \u00a0<\/strong><\/p>\n<p>Le sulfate est un conservateur ajout\u00e9 aux aliments et boissons pour prolonger leur dur\u00e9e de vie. Le sulfate peut causer des sympt\u00f4mes d\u00e9sagr\u00e9ables comme l\u2019irritation des poumons ou de l\u2019asthme. L\u2019allergie au sulfate est extr\u00eamement rare.<\/p>\n<p><img loading=\"lazy\" decoding=\"async\" class=\"size-full wp-image-249 aligncenter\" src=\"https:\/\/www.mynametags.be\/FR\/blog\/wp-content\/uploads\/2018\/04\/BFR-FR-Celery-R.png\" alt=\"BFR-FR-Celery R\" width=\"222\" height=\"99\" \/><\/p>\n<p style=\"text-align: center;\"><strong>C\u00e9leri<\/strong><\/p>\n<p>Les r\u00e9actions allergiques au c\u00e9leri (b\u00e2tons, feuilles, \u00e9pices\u00a0et graines), quand elles apparaissent, peuvent \u00eatre s\u00e9v\u00e8res. Les personnes \u00e9tant allergiques au c\u00e9leri devraient aussi \u00e9viter le c\u00e9leri-rave.<\/p>\n<p><img loading=\"lazy\" decoding=\"async\" class=\"size-full wp-image-250 aligncenter\" src=\"https:\/\/www.mynametags.be\/FR\/blog\/wp-content\/uploads\/2018\/04\/BFR-FR-Soya-R.png\" alt=\"BFR-FR-Soya R\" width=\"222\" height=\"99\" \/><\/p>\n<p style=\"text-align: center;\"><strong>Soja\u00a0 \u00a0\u00a0<\/strong><\/p>\n<p>Le soja est une prot\u00e9ine alimentaire tir\u00e9e du haricot du soja qui est une l\u00e9gumineuse. Les haricots de soja peuvent \u00eatre mang\u00e9s frais mais sont le plus souvent s\u00e9ch\u00e9s. Ils sont souvent appel\u00e9s \u00e9damame quand ils sont frais ou surgel\u00e9s. Il y a deux types d\u2019allergie au soja : imm\u00e9diate ou retard\u00e9.<\/p>\n<p><img loading=\"lazy\" decoding=\"async\" class=\"size-full wp-image-252 aligncenter\" src=\"https:\/\/www.mynametags.be\/FR\/blog\/wp-content\/uploads\/2018\/04\/BFR-FR-Sesame-R.png\" alt=\"BFR-FR-Sesame R\" width=\"222\" height=\"99\" \/><\/p>\n<p style=\"text-align: center;\"><strong>S\u00e9same<\/strong><\/p>\n<p>L\u2019allergie aux graines de s\u00e9same semble avoir augment\u00e9 dramatiquement ces deux derni\u00e8res d\u00e9cennies et cette hausse est probablement li\u00e9e \u00e0 son utilisation accrue. D\u2019autres graines peuvent causer des r\u00e9actions allergiques mais le s\u00e9same semble \u00eatre le plus commun.<\/p>\n<p><img loading=\"lazy\" decoding=\"async\" class=\"size-full wp-image-253 aligncenter\" src=\"https:\/\/www.mynametags.be\/FR\/blog\/wp-content\/uploads\/2018\/04\/BFR-FR-Lupin-R.png\" alt=\"BFR-FR-Lupin R\" width=\"222\" height=\"99\" \/><\/p>\n<p style=\"text-align: center;\"><strong>Lupin<\/strong><\/p>\n<p>Les graines de la fleur de jardin le lupin sont broy\u00e9s pour en faire de la farine qui peut \u00eatre utilis\u00e9 en p\u00e2tisserie dans les g\u00e2teaux, tartes, pancake ou dans les p\u00e2tes. On le trouve souvent dans les produits sans gluten.<img loading=\"lazy\" decoding=\"async\" class=\"size-full wp-image-222 aligncenter\" src=\"https:\/\/www.mynametags.be\/FR\/blog\/wp-content\/uploads\/2018\/04\/3.png\" alt=\"3\" width=\"222\" height=\"99\" \/><\/p>\n<p style=\"text-align: center;\"><strong>Squames (fourrure)<\/strong><\/p>\n<p>Nous adorons nos animaux mais parfois les squames de nos amis poilus peuvent causer des allergies, ainsi que le pollen, nous avons donc des dessins allergie pour \u00e7a aussi.<\/p>\n<p style=\"text-align: center;\"><img loading=\"lazy\" decoding=\"async\" class=\"alignnone size-full wp-image-229\" src=\"https:\/\/www.mynametags.be\/FR\/blog\/wp-content\/uploads\/2018\/04\/6.png\" alt=\"6\" width=\"222\" height=\"99\" \/><\/p>\n<p style=\"text-align: center;\"><strong>Pollen<\/strong><\/p>\n<p>Commandez les <a href=\"https:\/\/www.mynametags.be\/FR\/nominettes-autocollantes\">\u00e9tiquettes d&#8217;allergie pour les enfants<\/a>.<\/p>\n","protected":false},"excerpt":{"rendered":"<p>L\u2019allergie\u2019 est \u00a0la maladie chronique la plus commune en Europe et il n\u2019est \u00a0pas \u00e9tonnant que les parents se questionnent sur ce qu\u2019ils peuvent faire pour r\u00e9duire les risques d\u2019allergies alimentaires pour leur enfant. Une des choses les plus importantes \u00e0 faire en tant que parent est d\u2019alerter l\u2019entourage de votre enfant, y compris le [&hellip;]<\/p>\n","protected":false},"author":1,"featured_media":0,"comment_status":"closed","ping_status":"open","sticky":false,"template":"","format":"standard","meta":{"rop_custom_images_group":[],"rop_custom_messages_group":[],"rop_publish_now":"initial","rop_publish_now_accounts":[],"rop_publish_now_history":[],"rop_publish_now_status":"pending","ocean_post_layout":"","ocean_both_sidebars_style":"","ocean_both_sidebars_content_width":0,"ocean_both_sidebars_sidebars_width":0,"ocean_sidebar":"","ocean_second_sidebar":"","ocean_disable_margins":"enable","ocean_add_body_class":"","ocean_shortcode_before_top_bar":"","ocean_shortcode_after_top_bar":"","ocean_shortcode_before_header":"","ocean_shortcode_after_header":"","ocean_has_shortcode":"","ocean_shortcode_after_title":"","ocean_shortcode_before_footer_widgets":"","ocean_shortcode_after_footer_widgets":"","ocean_shortcode_before_footer_bottom":"","ocean_shortcode_after_footer_bottom":"","ocean_display_top_bar":"default","ocean_display_header":"default","ocean_header_style":"","ocean_center_header_left_menu":"","ocean_custom_header_template":"","ocean_custom_logo":0,"ocean_custom_retina_logo":0,"ocean_custom_logo_max_width":0,"ocean_custom_logo_tablet_max_width":0,"ocean_custom_logo_mobile_max_width":0,"ocean_custom_logo_max_height":0,"ocean_custom_logo_tablet_max_height":0,"ocean_custom_logo_mobile_max_height":0,"ocean_header_custom_menu":"","ocean_menu_typo_font_family":"","ocean_menu_typo_font_subset":"","ocean_menu_typo_font_size":0,"ocean_menu_typo_font_size_tablet":0,"ocean_menu_typo_font_size_mobile":0,"ocean_menu_typo_font_size_unit":"px","ocean_menu_typo_font_weight":"","ocean_menu_typo_font_weight_tablet":"","ocean_menu_typo_font_weight_mobile":"","ocean_menu_typo_transform":"","ocean_menu_typo_transform_tablet":"","ocean_menu_typo_transform_mobile":"","ocean_menu_typo_line_height":0,"ocean_menu_typo_line_height_tablet":0,"ocean_menu_typo_line_height_mobile":0,"ocean_menu_typo_line_height_unit":"","ocean_menu_typo_spacing":0,"ocean_menu_typo_spacing_tablet":0,"ocean_menu_typo_spacing_mobile":0,"ocean_menu_typo_spacing_unit":"","ocean_menu_link_color":"","ocean_menu_link_color_hover":"","ocean_menu_link_color_active":"","ocean_menu_link_background":"","ocean_menu_link_hover_background":"","ocean_menu_link_active_background":"","ocean_menu_social_links_bg":"","ocean_menu_social_hover_links_bg":"","ocean_menu_social_links_color":"","ocean_menu_social_hover_links_color":"","ocean_disable_title":"default","ocean_disable_heading":"default","ocean_post_title":"","ocean_post_subheading":"","ocean_post_title_style":"","ocean_post_title_background_color":"","ocean_post_title_background":0,"ocean_post_title_bg_image_position":"","ocean_post_title_bg_image_attachment":"","ocean_post_title_bg_image_repeat":"","ocean_post_title_bg_image_size":"","ocean_post_title_height":0,"ocean_post_title_bg_overlay":0.5,"ocean_post_title_bg_overlay_color":"","ocean_disable_breadcrumbs":"default","ocean_breadcrumbs_color":"","ocean_breadcrumbs_separator_color":"","ocean_breadcrumbs_links_color":"","ocean_breadcrumbs_links_hover_color":"","ocean_display_footer_widgets":"default","ocean_display_footer_bottom":"default","ocean_custom_footer_template":"","ocean_post_oembed":"","ocean_post_self_hosted_media":"","ocean_post_video_embed":"","ocean_link_format":"","ocean_link_format_target":"self","ocean_quote_format":"","ocean_quote_format_link":"post","ocean_gallery_link_images":"on","ocean_gallery_id":[],"footnotes":""},"categories":[75,155],"tags":[157,163,112,161,168,159,158,167,37,160,166,156,165,164,162,41],"class_list":["post-209","post","type-post","status-publish","format-standard","hentry","category-my-nametags","category-sante","tag-ble","tag-celeri","tag-chats","tag-crustaces","tag-fourrure","tag-fruits-de-mer","tag-gluten","tag-lupin","tag-noix","tag-poisson","tag-pollen","tag-produits-laitiers","tag-sesame","tag-soja","tag-sulfate","tag-oeufs","entry"],"yoast_head":"<!-- This site is optimized with the Yoast SEO plugin v27.3 - https:\/\/yoast.com\/product\/yoast-seo-wordpress\/ -->\n<title>Nos nouveaux dessins allergie - Le blog de My Nametags Belgi\u00eb<\/title>\n<meta name=\"description\" content=\"Nos nouveaux dessins allergie\" \/>\n<meta name=\"robots\" content=\"index, follow, max-snippet:-1, max-image-preview:large, max-video-preview:-1\" \/>\n<link rel=\"canonical\" href=\"https:\/\/www.mynametags.be\/FR\/blog\/2018\/04\/nos-nouveaux-dessins-allergie-2\/\" \/>\n<meta property=\"og:locale\" content=\"en_US\" \/>\n<meta property=\"og:type\" content=\"article\" \/>\n<meta property=\"og:title\" content=\"Nos nouveaux dessins allergie - Le blog de My Nametags Belgi\u00eb\" \/>\n<meta property=\"og:description\" content=\"Nos nouveaux dessins allergie\" \/>\n<meta property=\"og:url\" content=\"https:\/\/www.mynametags.be\/FR\/blog\/2018\/04\/nos-nouveaux-dessins-allergie-2\/\" \/>\n<meta property=\"og:site_name\" content=\"Le blog de My Nametags Belgi\u00eb\" \/>\n<meta property=\"article:published_time\" content=\"2018-04-10T13:00:27+00:00\" \/>\n<meta property=\"article:modified_time\" content=\"2022-06-18T19:41:19+00:00\" \/>\n<meta property=\"og:image\" content=\"https:\/\/www.mynametags.be\/FR\/blog\/wp-content\/uploads\/2018\/04\/1-1.png\" \/>\n\t<meta property=\"og:image:width\" content=\"222\" \/>\n\t<meta property=\"og:image:height\" content=\"99\" \/>\n\t<meta property=\"og:image:type\" content=\"image\/png\" \/>\n<meta name=\"author\" content=\"admin\" \/>\n<meta name=\"twitter:card\" content=\"summary_large_image\" \/>\n<meta name=\"twitter:label1\" content=\"Written by\" \/>\n\t<meta name=\"twitter:data1\" content=\"admin\" \/>\n\t<meta name=\"twitter:label2\" content=\"Est. reading time\" \/>\n\t<meta name=\"twitter:data2\" content=\"2 minutes\" \/>\n<script type=\"application\/ld+json\" class=\"yoast-schema-graph\">{\"@context\":\"https:\\\/\\\/schema.org\",\"@graph\":[{\"@type\":\"Article\",\"@id\":\"https:\\\/\\\/www.mynametags.be\\\/FR\\\/blog\\\/2018\\\/04\\\/nos-nouveaux-dessins-allergie-2\\\/#article\",\"isPartOf\":{\"@id\":\"https:\\\/\\\/www.mynametags.be\\\/FR\\\/blog\\\/2018\\\/04\\\/nos-nouveaux-dessins-allergie-2\\\/\"},\"author\":{\"name\":\"admin\",\"@id\":\"https:\\\/\\\/www.mynametags.be\\\/FR\\\/blog\\\/#\\\/schema\\\/person\\\/87141ceabf45386732788339a4bcbbff\"},\"headline\":\"Nos nouveaux dessins allergie\",\"datePublished\":\"2018-04-10T13:00:27+00:00\",\"dateModified\":\"2022-06-18T19:41:19+00:00\",\"mainEntityOfPage\":{\"@id\":\"https:\\\/\\\/www.mynametags.be\\\/FR\\\/blog\\\/2018\\\/04\\\/nos-nouveaux-dessins-allergie-2\\\/\"},\"wordCount\":480,\"image\":{\"@id\":\"https:\\\/\\\/www.mynametags.be\\\/FR\\\/blog\\\/2018\\\/04\\\/nos-nouveaux-dessins-allergie-2\\\/#primaryimage\"},\"thumbnailUrl\":\"https:\\\/\\\/www.mynametags.be\\\/FR\\\/blog\\\/wp-content\\\/uploads\\\/2018\\\/04\\\/1-1.png\",\"keywords\":[\"bl\u00e9\",\"c\u00e9leri\",\"chats\",\"crustac\u00e9s\",\"fourrure\",\"fruits de mer\",\"gluten\",\"lupin\",\"noix\",\"poisson\",\"pollen\",\"produits laitiers\",\"s\u00e9same\",\"soja\",\"sulfate\",\"\u0153ufs\"],\"articleSection\":[\"My Nametags\",\"Sant\u00e9\"],\"inLanguage\":\"en-US\"},{\"@type\":\"WebPage\",\"@id\":\"https:\\\/\\\/www.mynametags.be\\\/FR\\\/blog\\\/2018\\\/04\\\/nos-nouveaux-dessins-allergie-2\\\/\",\"url\":\"https:\\\/\\\/www.mynametags.be\\\/FR\\\/blog\\\/2018\\\/04\\\/nos-nouveaux-dessins-allergie-2\\\/\",\"name\":\"Nos nouveaux dessins allergie - Le blog de My Nametags Belgi\u00eb\",\"isPartOf\":{\"@id\":\"https:\\\/\\\/www.mynametags.be\\\/FR\\\/blog\\\/#website\"},\"primaryImageOfPage\":{\"@id\":\"https:\\\/\\\/www.mynametags.be\\\/FR\\\/blog\\\/2018\\\/04\\\/nos-nouveaux-dessins-allergie-2\\\/#primaryimage\"},\"image\":{\"@id\":\"https:\\\/\\\/www.mynametags.be\\\/FR\\\/blog\\\/2018\\\/04\\\/nos-nouveaux-dessins-allergie-2\\\/#primaryimage\"},\"thumbnailUrl\":\"https:\\\/\\\/www.mynametags.be\\\/FR\\\/blog\\\/wp-content\\\/uploads\\\/2018\\\/04\\\/1-1.png\",\"datePublished\":\"2018-04-10T13:00:27+00:00\",\"dateModified\":\"2022-06-18T19:41:19+00:00\",\"author\":{\"@id\":\"https:\\\/\\\/www.mynametags.be\\\/FR\\\/blog\\\/#\\\/schema\\\/person\\\/87141ceabf45386732788339a4bcbbff\"},\"description\":\"Nos nouveaux dessins allergie\",\"breadcrumb\":{\"@id\":\"https:\\\/\\\/www.mynametags.be\\\/FR\\\/blog\\\/2018\\\/04\\\/nos-nouveaux-dessins-allergie-2\\\/#breadcrumb\"},\"inLanguage\":\"en-US\",\"potentialAction\":[{\"@type\":\"ReadAction\",\"target\":[\"https:\\\/\\\/www.mynametags.be\\\/FR\\\/blog\\\/2018\\\/04\\\/nos-nouveaux-dessins-allergie-2\\\/\"]}]},{\"@type\":\"ImageObject\",\"inLanguage\":\"en-US\",\"@id\":\"https:\\\/\\\/www.mynametags.be\\\/FR\\\/blog\\\/2018\\\/04\\\/nos-nouveaux-dessins-allergie-2\\\/#primaryimage\",\"url\":\"https:\\\/\\\/www.mynametags.be\\\/FR\\\/blog\\\/wp-content\\\/uploads\\\/2018\\\/04\\\/1-1.png\",\"contentUrl\":\"https:\\\/\\\/www.mynametags.be\\\/FR\\\/blog\\\/wp-content\\\/uploads\\\/2018\\\/04\\\/1-1.png\",\"width\":222,\"height\":99},{\"@type\":\"BreadcrumbList\",\"@id\":\"https:\\\/\\\/www.mynametags.be\\\/FR\\\/blog\\\/2018\\\/04\\\/nos-nouveaux-dessins-allergie-2\\\/#breadcrumb\",\"itemListElement\":[{\"@type\":\"ListItem\",\"position\":1,\"name\":\"Home\",\"item\":\"https:\\\/\\\/www.mynametags.be\\\/FR\\\/blog\\\/\"},{\"@type\":\"ListItem\",\"position\":2,\"name\":\"Nos nouveaux dessins allergie\"}]},{\"@type\":\"WebSite\",\"@id\":\"https:\\\/\\\/www.mynametags.be\\\/FR\\\/blog\\\/#website\",\"url\":\"https:\\\/\\\/www.mynametags.be\\\/FR\\\/blog\\\/\",\"name\":\"Le blog de My Nametags Belgi\u00eb\",\"description\":\"\",\"potentialAction\":[{\"@type\":\"SearchAction\",\"target\":{\"@type\":\"EntryPoint\",\"urlTemplate\":\"https:\\\/\\\/www.mynametags.be\\\/FR\\\/blog\\\/?s={search_term_string}\"},\"query-input\":{\"@type\":\"PropertyValueSpecification\",\"valueRequired\":true,\"valueName\":\"search_term_string\"}}],\"inLanguage\":\"en-US\"},{\"@type\":\"Person\",\"@id\":\"https:\\\/\\\/www.mynametags.be\\\/FR\\\/blog\\\/#\\\/schema\\\/person\\\/87141ceabf45386732788339a4bcbbff\",\"name\":\"admin\",\"image\":{\"@type\":\"ImageObject\",\"inLanguage\":\"en-US\",\"@id\":\"https:\\\/\\\/secure.gravatar.com\\\/avatar\\\/27b864c344d0ba647defbb14d62338d7e0dbb466a73b4966351866c8441fdae1?s=96&d=mm&r=g\",\"url\":\"https:\\\/\\\/secure.gravatar.com\\\/avatar\\\/27b864c344d0ba647defbb14d62338d7e0dbb466a73b4966351866c8441fdae1?s=96&d=mm&r=g\",\"contentUrl\":\"https:\\\/\\\/secure.gravatar.com\\\/avatar\\\/27b864c344d0ba647defbb14d62338d7e0dbb466a73b4966351866c8441fdae1?s=96&d=mm&r=g\",\"caption\":\"admin\"},\"url\":\"https:\\\/\\\/www.mynametags.be\\\/FR\\\/blog\\\/author\\\/admin\\\/\"}]}<\/script>\n<!-- \/ Yoast SEO plugin. -->","yoast_head_json":{"title":"Nos nouveaux dessins allergie - Le blog de My Nametags Belgi\u00eb","description":"Nos nouveaux dessins allergie","robots":{"index":"index","follow":"follow","max-snippet":"max-snippet:-1","max-image-preview":"max-image-preview:large","max-video-preview":"max-video-preview:-1"},"canonical":"https:\/\/www.mynametags.be\/FR\/blog\/2018\/04\/nos-nouveaux-dessins-allergie-2\/","og_locale":"en_US","og_type":"article","og_title":"Nos nouveaux dessins allergie - Le blog de My Nametags Belgi\u00eb","og_description":"Nos nouveaux dessins allergie","og_url":"https:\/\/www.mynametags.be\/FR\/blog\/2018\/04\/nos-nouveaux-dessins-allergie-2\/","og_site_name":"Le blog de My Nametags Belgi\u00eb","article_published_time":"2018-04-10T13:00:27+00:00","article_modified_time":"2022-06-18T19:41:19+00:00","og_image":[{"width":222,"height":99,"url":"https:\/\/www.mynametags.be\/FR\/blog\/wp-content\/uploads\/2018\/04\/1-1.png","type":"image\/png"}],"author":"admin","twitter_card":"summary_large_image","twitter_misc":{"Written by":"admin","Est. reading time":"2 minutes"},"schema":{"@context":"https:\/\/schema.org","@graph":[{"@type":"Article","@id":"https:\/\/www.mynametags.be\/FR\/blog\/2018\/04\/nos-nouveaux-dessins-allergie-2\/#article","isPartOf":{"@id":"https:\/\/www.mynametags.be\/FR\/blog\/2018\/04\/nos-nouveaux-dessins-allergie-2\/"},"author":{"name":"admin","@id":"https:\/\/www.mynametags.be\/FR\/blog\/#\/schema\/person\/87141ceabf45386732788339a4bcbbff"},"headline":"Nos nouveaux dessins allergie","datePublished":"2018-04-10T13:00:27+00:00","dateModified":"2022-06-18T19:41:19+00:00","mainEntityOfPage":{"@id":"https:\/\/www.mynametags.be\/FR\/blog\/2018\/04\/nos-nouveaux-dessins-allergie-2\/"},"wordCount":480,"image":{"@id":"https:\/\/www.mynametags.be\/FR\/blog\/2018\/04\/nos-nouveaux-dessins-allergie-2\/#primaryimage"},"thumbnailUrl":"https:\/\/www.mynametags.be\/FR\/blog\/wp-content\/uploads\/2018\/04\/1-1.png","keywords":["bl\u00e9","c\u00e9leri","chats","crustac\u00e9s","fourrure","fruits de mer","gluten","lupin","noix","poisson","pollen","produits laitiers","s\u00e9same","soja","sulfate","\u0153ufs"],"articleSection":["My Nametags","Sant\u00e9"],"inLanguage":"en-US"},{"@type":"WebPage","@id":"https:\/\/www.mynametags.be\/FR\/blog\/2018\/04\/nos-nouveaux-dessins-allergie-2\/","url":"https:\/\/www.mynametags.be\/FR\/blog\/2018\/04\/nos-nouveaux-dessins-allergie-2\/","name":"Nos nouveaux dessins allergie - Le blog de My Nametags Belgi\u00eb","isPartOf":{"@id":"https:\/\/www.mynametags.be\/FR\/blog\/#website"},"primaryImageOfPage":{"@id":"https:\/\/www.mynametags.be\/FR\/blog\/2018\/04\/nos-nouveaux-dessins-allergie-2\/#primaryimage"},"image":{"@id":"https:\/\/www.mynametags.be\/FR\/blog\/2018\/04\/nos-nouveaux-dessins-allergie-2\/#primaryimage"},"thumbnailUrl":"https:\/\/www.mynametags.be\/FR\/blog\/wp-content\/uploads\/2018\/04\/1-1.png","datePublished":"2018-04-10T13:00:27+00:00","dateModified":"2022-06-18T19:41:19+00:00","author":{"@id":"https:\/\/www.mynametags.be\/FR\/blog\/#\/schema\/person\/87141ceabf45386732788339a4bcbbff"},"description":"Nos nouveaux dessins allergie","breadcrumb":{"@id":"https:\/\/www.mynametags.be\/FR\/blog\/2018\/04\/nos-nouveaux-dessins-allergie-2\/#breadcrumb"},"inLanguage":"en-US","potentialAction":[{"@type":"ReadAction","target":["https:\/\/www.mynametags.be\/FR\/blog\/2018\/04\/nos-nouveaux-dessins-allergie-2\/"]}]},{"@type":"ImageObject","inLanguage":"en-US","@id":"https:\/\/www.mynametags.be\/FR\/blog\/2018\/04\/nos-nouveaux-dessins-allergie-2\/#primaryimage","url":"https:\/\/www.mynametags.be\/FR\/blog\/wp-content\/uploads\/2018\/04\/1-1.png","contentUrl":"https:\/\/www.mynametags.be\/FR\/blog\/wp-content\/uploads\/2018\/04\/1-1.png","width":222,"height":99},{"@type":"BreadcrumbList","@id":"https:\/\/www.mynametags.be\/FR\/blog\/2018\/04\/nos-nouveaux-dessins-allergie-2\/#breadcrumb","itemListElement":[{"@type":"ListItem","position":1,"name":"Home","item":"https:\/\/www.mynametags.be\/FR\/blog\/"},{"@type":"ListItem","position":2,"name":"Nos nouveaux dessins allergie"}]},{"@type":"WebSite","@id":"https:\/\/www.mynametags.be\/FR\/blog\/#website","url":"https:\/\/www.mynametags.be\/FR\/blog\/","name":"Le blog de My Nametags Belgi\u00eb","description":"","potentialAction":[{"@type":"SearchAction","target":{"@type":"EntryPoint","urlTemplate":"https:\/\/www.mynametags.be\/FR\/blog\/?s={search_term_string}"},"query-input":{"@type":"PropertyValueSpecification","valueRequired":true,"valueName":"search_term_string"}}],"inLanguage":"en-US"},{"@type":"Person","@id":"https:\/\/www.mynametags.be\/FR\/blog\/#\/schema\/person\/87141ceabf45386732788339a4bcbbff","name":"admin","image":{"@type":"ImageObject","inLanguage":"en-US","@id":"https:\/\/secure.gravatar.com\/avatar\/27b864c344d0ba647defbb14d62338d7e0dbb466a73b4966351866c8441fdae1?s=96&d=mm&r=g","url":"https:\/\/secure.gravatar.com\/avatar\/27b864c344d0ba647defbb14d62338d7e0dbb466a73b4966351866c8441fdae1?s=96&d=mm&r=g","contentUrl":"https:\/\/secure.gravatar.com\/avatar\/27b864c344d0ba647defbb14d62338d7e0dbb466a73b4966351866c8441fdae1?s=96&d=mm&r=g","caption":"admin"},"url":"https:\/\/www.mynametags.be\/FR\/blog\/author\/admin\/"}]}},"post_mailing_queue_ids":[],"_links":{"self":[{"href":"https:\/\/www.mynametags.be\/FR\/blog\/wp-json\/wp\/v2\/posts\/209","targetHints":{"allow":["GET"]}}],"collection":[{"href":"https:\/\/www.mynametags.be\/FR\/blog\/wp-json\/wp\/v2\/posts"}],"about":[{"href":"https:\/\/www.mynametags.be\/FR\/blog\/wp-json\/wp\/v2\/types\/post"}],"author":[{"embeddable":true,"href":"https:\/\/www.mynametags.be\/FR\/blog\/wp-json\/wp\/v2\/users\/1"}],"replies":[{"embeddable":true,"href":"https:\/\/www.mynametags.be\/FR\/blog\/wp-json\/wp\/v2\/comments?post=209"}],"version-history":[{"count":5,"href":"https:\/\/www.mynametags.be\/FR\/blog\/wp-json\/wp\/v2\/posts\/209\/revisions"}],"predecessor-version":[{"id":714,"href":"https:\/\/www.mynametags.be\/FR\/blog\/wp-json\/wp\/v2\/posts\/209\/revisions\/714"}],"wp:attachment":[{"href":"https:\/\/www.mynametags.be\/FR\/blog\/wp-json\/wp\/v2\/media?parent=209"}],"wp:term":[{"taxonomy":"category","embeddable":true,"href":"https:\/\/www.mynametags.be\/FR\/blog\/wp-json\/wp\/v2\/categories?post=209"},{"taxonomy":"post_tag","embeddable":true,"href":"https:\/\/www.mynametags.be\/FR\/blog\/wp-json\/wp\/v2\/tags?post=209"}],"curies":[{"name":"wp","href":"https:\/\/api.w.org\/{rel}","templated":true}]}}