{"id":1155,"date":"2026-01-13T07:00:00","date_gmt":"2026-01-13T07:00:00","guid":{"rendered":"https:\/\/www.mynametags.be\/FR\/blog\/?p=1155"},"modified":"2026-01-13T05:11:59","modified_gmt":"2026-01-13T05:11:59","slug":"plus-dun-million-de-belges-insatisfaits-de-leur-prenom","status":"publish","type":"post","link":"https:\/\/www.mynametags.be\/FR\/blog\/2026\/01\/plus-dun-million-de-belges-insatisfaits-de-leur-prenom\/","title":{"rendered":"Plus d\u2019un million de Belges insatisfaits de leur pr\u00e9nom"},"content":{"rendered":"\n<h3 class=\"wp-block-heading has-text-align-center\" id=\"block-fdf22891-2d35-451b-8fc3-34f6db74efd5\"><strong>Pr\u00e9nom intemporel, en phase&#8230; Voici ce que pensent vraiment les Belges de leur pr\u00e9nom (et de celui de leurs enfants)<\/strong><\/h3>\n\n\n\n<p id=\"block-40b6428f-ef6c-4d95-ae5d-b1050968b02c\"><strong>Chaque ann\u00e9e, Statbel d\u00e9voile la liste des pr\u00e9noms les plus donn\u00e9s en Belgique l&#8217;ann\u00e9e pr\u00e9c\u00e9dente, mais une autre question m\u00e9rite d\u2019\u00eatre pos\u00e9e : que pensent ces enfants de leur pr\u00e9nom une fois devenus adultes ? De nombreux futurs parents passent des mois \u00e0 h\u00e9siter sur ce choix d\u00e9terminant. Et bonne nouvelle : pour la majorit\u00e9 de nos compatriotes le pari semble r\u00e9ussi, puisque la plupart se d\u00e9clarent satisfaits du pr\u00e9nom qu\u2019ils portent. L\u2019intemporalit\u00e9 et l\u2019ad\u00e9quation avec leur personnalit\u00e9 et leur genre semblent \u00eatre des facteurs d\u00e9cisifs \u00e0 cet \u00e9gard. N\u00e9anmoins, tout le monde ne parvient pas \u00e0 rendre son enfant heureux, puisque 1 Belge sur 10 d\u00e9clare ne pas \u00eatre satisfait de son pr\u00e9nom, soit plus d\u2019un million de personnes concern\u00e9es. <\/strong><a href=\"https:\/\/www.mynametags.be\/\"><strong>My Nametags,<\/strong><\/a><strong> le plus grand fabricant d\u2019\u00e9tiquettes nominatives du pays, a voulu en savoir plus et a interrog\u00e9 les Belges sur ce qu\u2019ils pensent vraiment de leur pr\u00e9nom &#8230; et de celui qu\u2019ils ont donn\u00e9 \u00e0 leurs enfants. Leurs r\u00e9ponses en disent long.&nbsp;<\/strong><\/p>\n\n\n\n<ul id=\"block-ba07f567-9677-4134-83b2-fdd229d7f5df\" class=\"wp-block-list\">\n<li><strong>Si 70 % des Belges appr\u00e9cient leur pr\u00e9nom, 20 % se montrent neutres et 10 % s\u2019en d\u00e9clarent insatisfaits.\u00a0\u00a0<\/strong><\/li>\n\n\n\n<li><strong>Parmi les insatisfaits, les principales raisons sont un pr\u00e9nom d\u00e9mod\u00e9 (39 %) et un manque de correspondance avec leur personnalit\u00e9 (26 %).\u00a0\u00a0<\/strong><\/li>\n\n\n\n<li><strong>Les satisfaits appr\u00e9cient surtout l\u2019intemporalit\u00e9 (41 %), l\u2019ad\u00e9quation avec leur personnalit\u00e9 (38 %) et, pour 20 %, la correspondance avec le genre auquel ils s\u2019identifient.\u00a0\u00a0<\/strong><\/li>\n\n\n\n<li><strong>Pr\u00e8s de 5 % des Belges ont envisag\u00e9 de changer de pr\u00e9nom au moins une fois.\u00a0\u00a0<\/strong><\/li>\n\n\n\n<li><strong>Ils sont plus de 5 % \u00e0 d\u00e9clarer en avoir en voulu \u00e0 leurs parents pour le pr\u00e9nom qu\u2019ils leur ont donn\u00e9.<\/strong><\/li>\n<\/ul>\n\n\n\n<h4 class=\"wp-block-heading\" id=\"block-cbc30fd6-7723-4ec9-b4d0-1b2d93c373aa\"><strong>La majorit\u00e9 des Belges se montrent globalement satisfaits de leur pr\u00e9nom<\/strong><\/h4>\n\n\n\n<p id=\"block-44961d4b-7b97-46e3-b5d0-be528228dc4c\">Selon une \u00e9tude r\u00e9cente d\u2019iVOX* commandit\u00e9e par <a href=\"https:\/\/my.nametags.be\/\">MyNametags.be,<\/a> <strong>7 Belges sur 10 (soit 70 %) d\u00e9clarent appr\u00e9cier leur pr\u00e9nom. <\/strong>Toutefois, <strong>1 sur 5 (20 %) reste neutre<\/strong> sur la question, et <strong>1 sur 10 (10 %) exprime une insatisfaction<\/strong>. Ce ressenti varie selon l\u2019\u00e2ge, le genre et la r\u00e9gion linguistique. <strong>Les plus jeunes se montrent globalement plus satisfaits<\/strong> : 73 % des moins de 34 ans et 74 % des 35-54 ans d\u00e9clarent appr\u00e9cier leur pr\u00e9nom, contre seulement 66 % chez les 55 ans et plus. <strong>Les femmes, de leur c\u00f4t\u00e9, sont plus nombreuses que les hommes \u00e0 exprimer une insatisfaction<\/strong> (13 % contre 7 %), mais aussi \u00e0 adopter une position neutre (24 % contre 16 %). Enfin, des diff\u00e9rences apparaissent \u00e9galement entre le nord et le sud du pays : les n\u00e9erlandophones sont plus enclins \u00e0 se dire neutres vis-\u00e0-vis de leur pr\u00e9nom (25 %, contre 14 % chez les francophones).<\/p>\n\n\n\n<h4 class=\"wp-block-heading\" id=\"block-ca4f9069-03d9-448a-9218-cd715179f433\"><strong>Quand le pr\u00e9nom fait sens\u2026 ou pas&nbsp;<\/strong>&nbsp;<\/h4>\n\n\n\n<p id=\"block-14032b53-1a9b-41bf-865b-cc8479c641db\"><strong>Parmi les personnes qui disent ne pas aimer leur pr\u00e9nom,<\/strong> <strong>plusieurs raisons reviennent fr\u00e9quemment. <\/strong>Beaucoup le trouvent <strong>d\u00e9mod\u00e9 (39 %), <\/strong>d\u2019autres estiment qu\u2019il<strong> ne refl\u00e8te pas leur personnalit\u00e9 (26 %)<\/strong>, et certains expliquent qu\u2019il a \u00e9t\u00e9 \u00e0 la mode \u00e0 une \u00e9poque, mais qu\u2019il ne l\u2019est plus du tout aujourd\u2019hui (15 %). Un d\u00e9calage qui peut peser sur l\u2019image qu\u2019ils ont d\u2019eux-m\u00eames\u2026 comme sur celle que les autres leur renvoient.&nbsp;&nbsp;<\/p>\n\n\n\n<p id=\"block-c73538e6-c7ab-48b6-a8d8-ee9e326241ba\"><strong>Le top 5 des pr\u00e9noms les plus cit\u00e9s par les r\u00e9pondants insatisfaits<\/strong>, hommes et femmes confondus, refl\u00e8te bien ces tendances. En t\u00eate, on retrouve le pr\u00e9nom Maria, souvent per\u00e7u comme d\u00e9mod\u00e9, trop courant et qui ne correspond pas vraiment \u00e0 leur personnalit\u00e9. Vient ensuite Annie, \u00e9galement jug\u00e9 un peu d\u00e9pass\u00e9 ou mal adapt\u00e9 \u00e0 leur caract\u00e8re, puis Rita, consid\u00e9r\u00e9 comme d\u00e9mod\u00e9, associ\u00e9 \u00e0 une classe populaire, et d\u00e9cal\u00e9 par rapport \u00e0 leur identit\u00e9. Christine, trop courant et d\u00e9mod\u00e9, ainsi que Josiane, vue comme d\u00e9mod\u00e9, li\u00e9 \u00e0 une classe sociale populaire et trop facilement tourn\u00e9 en d\u00e9rision, qui compl\u00e8te ce classement.&nbsp;<\/p>\n\n\n\n<p id=\"block-3437e9b5-bf91-420a-947b-a94c30c685f8\">De leur c\u00f4t\u00e9, <strong>les personnes qui se disent satisfaites de leur pr\u00e9nom<\/strong> le sont principalement parce qu\u2019il est <strong>intemporel (41%)<\/strong>, qu\u2019il <strong>correspond \u00e0 leur personnalit\u00e9 (38%)<\/strong> ou encore, qu\u2019elles le trouvent <strong>en ad\u00e9quation avec le genre auquel elles s\u2019identifient (20%)<\/strong>. \u00c0 ce sujet, les n\u00e9erlandophones sont plus nombreux \u00e0 valoriser l\u2019intemporalit\u00e9 (45&nbsp;%, contre 35&nbsp;% pour les francophones), tandis que les francophones se disent plus souvent attach\u00e9s \u00e0 l\u2019id\u00e9e que leur pr\u00e9nom refl\u00e8te clairement le genre auquel ils s\u2019identifient (27&nbsp;%, contre 14&nbsp;% chez les n\u00e9erlandophones).&nbsp;<strong>Et cela se confirme dans les pr\u00e9noms qui reviennent le plus souvent chez les r\u00e9pondants satisfaits.<\/strong> En t\u00eate de liste, Marc, un pr\u00e9nom qui revient souvent pour son c\u00f4t\u00e9 intemporel et parce qu\u2019il correspond bien \u00e0 la personnalit\u00e9 de ceux qui le portent. Ensuite, Patrick, lui aussi jug\u00e9 intemporel, en plus d\u2019\u00eatre en accord avec leur personnalit\u00e9 et leur culture. \u00c0 la troisi\u00e8me place, Christian, appr\u00e9ci\u00e9 pour les m\u00eames raisons : il traverse le temps et refl\u00e8te bien qui ils sont. Isabelle arrive en quatri\u00e8me, \u00e9galement cit\u00e9e pour son intemporalit\u00e9 et sa coh\u00e9rence avec la personnalit\u00e9. Enfin, Peter, \u00e0 la cinqui\u00e8me place, est surtout valoris\u00e9 pour son caract\u00e8re intemporel.<\/p>\n\n\n\n<h4 class=\"wp-block-heading\" id=\"block-b06e239b-234e-4c28-9777-91e8aae33d49\"><strong>Changer de pr\u00e9nom : une pratique encore rare, mais de plus en plus courante en Belgique<\/strong><\/h4>\n\n\n\n<p id=\"block-71103991-6c2c-41e5-8bef-82cc43224847\">Bien que le changement de pr\u00e9nom concerne encore une minorit\u00e9 de la population, il semble prendre de l\u2019importance ces derni\u00e8res ann\u00e9es. <strong>Environ 5&nbsp;% des Belges interrog\u00e9s d\u00e9clarent avoir envisag\u00e9 cette d\u00e9marche \u00e0 un moment donn\u00e9 de leur vie<\/strong>, et <strong>1 sur 100 est all\u00e9 jusqu\u2019au bout en proc\u00e9dant au changement officiel<\/strong>. Les personnes \u00e2g\u00e9es de moins de 55 ans sont plus nombreuses \u00e0 dire qu\u2019elles ont d\u00e9j\u00e0 envisag\u00e9 de changer de nom : 10 % des moins de 34 ans, 7 % des 35-54 ans, contre 2 % des plus de 55 ans. En 2023, 5 762 personnes ont demand\u00e9 \u00e0 modifier leur pr\u00e9nom, un chiffre en hausse par rapport \u00e0 2022 (5 102 demandes) et \u00e0 2021 (4 844). Cette tendance, bien que marginale, refl\u00e8te un int\u00e9r\u00eat croissant pour cette d\u00e9marche.&nbsp;&nbsp;<\/p>\n\n\n\n<p id=\"block-5adf1370-2fcd-493b-b45e-98e284758b34\">D\u2019autres, <strong>pour \u00e9viter de changer officiellement de pr\u00e9nom, pr\u00e9f\u00e8rent en utiliser un autre au quotidien<\/strong> : 4&nbsp;% d\u00e9clarent utiliser presque toujours un pr\u00e9nom diff\u00e9rent, tandis que <strong>6&nbsp;% privil\u00e9gient un surnom au quotidien<\/strong>. Fait rassurant, pour la majorit\u00e9, la question ne se pose pas&nbsp;: plus de huit personnes interrog\u00e9es sur dix (85&nbsp;%) d\u00e9clarent utiliser leur pr\u00e9nom officiel, sans jamais avoir envisag\u00e9 de le modifier.<\/p>\n\n\n\n<h4 class=\"wp-block-heading\" id=\"block-2350cdf4-ba2f-44df-b588-1db6c442dd82\"><strong>Le poids du choix des parents, parfois difficile \u00e0 porter<\/strong><\/h4>\n\n\n\n<p id=\"block-170ce620-7c65-443b-aaef-eeb0f01202a3\">Si la grande majorit\u00e9 des Belges (92 %) ne tient pas <strong>rigueur \u00e0 leurs parents pour le pr\u00e9nom qu\u2019ils portent<\/strong>, une petite fraction, plus de <strong>1 sur 20, d\u00e9clare leur en avoir voulu pour leur choix.<\/strong> Parmi eux, 1 sur 40 (2,5 %) est m\u00eame all\u00e9 jusqu\u2019\u00e0 le leur dire en face. Ce ph\u00e9nom\u00e8ne touche surtout les jeunes g\u00e9n\u00e9rations, qui sont bien plus enclines \u00e0 remettre en question ce choix identitaire que leurs a\u00een\u00e9s (13 % des moins de 34 ans, 6 % des 35-54 ans, contre 2 % des plus de 55 ans). Lorsqu\u2019on interroge les parents, les regrets sont encore plus rares : seuls 3 % d\u00e9clarent aujourd\u2019hui ne pas \u00eatre pleinement satisfaits du pr\u00e9nom qu\u2019ils ont donn\u00e9 \u00e0 leur enfant.&nbsp;<\/p>\n\n\n\n<p id=\"block-0bbf245c-d8a3-4d22-9b32-b0afe0bd19ea\">\u00ab Cette \u00e9tude montre \u00e0 quel point les Belges sont attach\u00e9s \u00e0 leur pr\u00e9nom, ce pr\u00e9nom transmis par leurs parents et utilis\u00e9 chaque jour dans leur vie personnelle comme professionnelle. Il suscite une palette d\u2019\u00e9motions, le plus souvent positives, parfois plus nuanc\u00e9es, comme on l\u2019a d\u00e9j\u00e0 observ\u00e9 dans d\u2019autres pays. Un pr\u00e9nom, ce n\u2019est pas anodin. C\u2019est pourquoi nous veillons \u00e0 ce qu\u2019il soit mis en valeur de la meilleure mani\u00e8re sur nos \u00e9tiquettes \u00bb, d\u00e9clare Lars Andersen, PDG de <a href=\"https:\/\/www.mynametags.be\/\">MyNametags.be<\/a>.&nbsp;<\/p>\n\n\n\n<p id=\"block-8bd6ab43-d267-41c1-bab3-e5f24030a754\"><em>Et vous, \u00eates-vous satisfait du pr\u00e9nom que vous portez ?<\/em><\/p>\n\n\n\n<p id=\"block-59a03c45-426d-4f44-861b-c850511ff9d4\"><em>Sources :\u00a0<\/em><br><em>* \u00c9tude Ivox r\u00e9alis\u00e9e pour le compte de My Nametags entre le 28 mars et le 4 avril 2025, aupr\u00e8s d\u2019un \u00e9chantillon repr\u00e9sentatif de 1 000 Belges.<\/em><br><em>** SPF Justice &#8211; Donn\u00e9es diffus\u00e9es le 14 janvier 2024 via Belga<\/em><\/p>\n","protected":false},"excerpt":{"rendered":"<p>Pr\u00e9nom intemporel, en phase&#8230; Voici ce que pensent vraiment les Belges de leur pr\u00e9nom (et de celui de leurs enfants) Chaque ann\u00e9e, Statbel d\u00e9voile la liste des pr\u00e9noms les plus donn\u00e9s en Belgique l&#8217;ann\u00e9e pr\u00e9c\u00e9dente, mais une autre question m\u00e9rite d\u2019\u00eatre pos\u00e9e : que pensent ces enfants de leur pr\u00e9nom une fois devenus adultes ? [&hellip;]<\/p>\n","protected":false},"author":1,"featured_media":1156,"comment_status":"closed","ping_status":"open","sticky":false,"template":"","format":"standard","meta":{"rop_custom_images_group":[],"rop_custom_messages_group":[],"rop_publish_now":"initial","rop_publish_now_accounts":[],"rop_publish_now_history":[],"rop_publish_now_status":"pending","ocean_post_layout":"","ocean_both_sidebars_style":"","ocean_both_sidebars_content_width":0,"ocean_both_sidebars_sidebars_width":0,"ocean_sidebar":"","ocean_second_sidebar":"","ocean_disable_margins":"enable","ocean_add_body_class":"","ocean_shortcode_before_top_bar":"","ocean_shortcode_after_top_bar":"","ocean_shortcode_before_header":"","ocean_shortcode_after_header":"","ocean_has_shortcode":"","ocean_shortcode_after_title":"","ocean_shortcode_before_footer_widgets":"","ocean_shortcode_after_footer_widgets":"","ocean_shortcode_before_footer_bottom":"","ocean_shortcode_after_footer_bottom":"","ocean_display_top_bar":"default","ocean_display_header":"default","ocean_header_style":"","ocean_center_header_left_menu":"","ocean_custom_header_template":"","ocean_custom_logo":0,"ocean_custom_retina_logo":0,"ocean_custom_logo_max_width":0,"ocean_custom_logo_tablet_max_width":0,"ocean_custom_logo_mobile_max_width":0,"ocean_custom_logo_max_height":0,"ocean_custom_logo_tablet_max_height":0,"ocean_custom_logo_mobile_max_height":0,"ocean_header_custom_menu":"","ocean_menu_typo_font_family":"","ocean_menu_typo_font_subset":"","ocean_menu_typo_font_size":0,"ocean_menu_typo_font_size_tablet":0,"ocean_menu_typo_font_size_mobile":0,"ocean_menu_typo_font_size_unit":"px","ocean_menu_typo_font_weight":"","ocean_menu_typo_font_weight_tablet":"","ocean_menu_typo_font_weight_mobile":"","ocean_menu_typo_transform":"","ocean_menu_typo_transform_tablet":"","ocean_menu_typo_transform_mobile":"","ocean_menu_typo_line_height":0,"ocean_menu_typo_line_height_tablet":0,"ocean_menu_typo_line_height_mobile":0,"ocean_menu_typo_line_height_unit":"","ocean_menu_typo_spacing":0,"ocean_menu_typo_spacing_tablet":0,"ocean_menu_typo_spacing_mobile":0,"ocean_menu_typo_spacing_unit":"","ocean_menu_link_color":"","ocean_menu_link_color_hover":"","ocean_menu_link_color_active":"","ocean_menu_link_background":"","ocean_menu_link_hover_background":"","ocean_menu_link_active_background":"","ocean_menu_social_links_bg":"","ocean_menu_social_hover_links_bg":"","ocean_menu_social_links_color":"","ocean_menu_social_hover_links_color":"","ocean_disable_title":"default","ocean_disable_heading":"default","ocean_post_title":"","ocean_post_subheading":"","ocean_post_title_style":"","ocean_post_title_background_color":"","ocean_post_title_background":0,"ocean_post_title_bg_image_position":"","ocean_post_title_bg_image_attachment":"","ocean_post_title_bg_image_repeat":"","ocean_post_title_bg_image_size":"","ocean_post_title_height":0,"ocean_post_title_bg_overlay":0.5,"ocean_post_title_bg_overlay_color":"","ocean_disable_breadcrumbs":"default","ocean_breadcrumbs_color":"","ocean_breadcrumbs_separator_color":"","ocean_breadcrumbs_links_color":"","ocean_breadcrumbs_links_hover_color":"","ocean_display_footer_widgets":"default","ocean_display_footer_bottom":"default","ocean_custom_footer_template":"","ocean_post_oembed":"","ocean_post_self_hosted_media":"","ocean_post_video_embed":"","ocean_link_format":"","ocean_link_format_target":"self","ocean_quote_format":"","ocean_quote_format_link":"post","ocean_gallery_link_images":"on","ocean_gallery_id":[],"footnotes":""},"categories":[1],"tags":[],"class_list":["post-1155","post","type-post","status-publish","format-standard","has-post-thumbnail","hentry","category-uncategorized","entry","has-media"],"yoast_head":"<!-- This site is optimized with the Yoast SEO plugin v27.3 - https:\/\/yoast.com\/product\/yoast-seo-wordpress\/ -->\n<title>Plus d\u2019un million de Belges insatisfaits de leur pr\u00e9nom - Le blog de My Nametags Belgi\u00eb<\/title>\n<meta name=\"description\" content=\"Pr\u00e9nom intemporel, en phase... Voici ce que pensent vraiment les Belges de leur pr\u00e9nom (et de celui de leurs enfants)\" \/>\n<meta name=\"robots\" content=\"index, follow, max-snippet:-1, max-image-preview:large, max-video-preview:-1\" \/>\n<link rel=\"canonical\" href=\"https:\/\/www.mynametags.be\/FR\/blog\/2026\/01\/plus-dun-million-de-belges-insatisfaits-de-leur-prenom\/\" \/>\n<meta property=\"og:locale\" content=\"en_US\" \/>\n<meta property=\"og:type\" content=\"article\" \/>\n<meta property=\"og:title\" content=\"Plus d\u2019un million de Belges insatisfaits de leur pr\u00e9nom - Le blog de My Nametags Belgi\u00eb\" \/>\n<meta property=\"og:description\" content=\"Pr\u00e9nom intemporel, en phase... Voici ce que pensent vraiment les Belges de leur pr\u00e9nom (et de celui de leurs enfants)\" \/>\n<meta property=\"og:url\" content=\"https:\/\/www.mynametags.be\/FR\/blog\/2026\/01\/plus-dun-million-de-belges-insatisfaits-de-leur-prenom\/\" \/>\n<meta property=\"og:site_name\" content=\"Le blog de My Nametags Belgi\u00eb\" \/>\n<meta property=\"article:published_time\" content=\"2026-01-13T07:00:00+00:00\" \/>\n<meta property=\"og:image\" content=\"https:\/\/www.mynametags.be\/FR\/blog\/wp-content\/uploads\/2026\/01\/Artboard-1.png\" \/>\n\t<meta property=\"og:image:width\" content=\"1200\" \/>\n\t<meta property=\"og:image:height\" content=\"550\" \/>\n\t<meta property=\"og:image:type\" content=\"image\/png\" \/>\n<meta name=\"author\" content=\"admin\" \/>\n<meta name=\"twitter:card\" content=\"summary_large_image\" \/>\n<meta name=\"twitter:label1\" content=\"Written by\" \/>\n\t<meta name=\"twitter:data1\" content=\"admin\" \/>\n\t<meta name=\"twitter:label2\" content=\"Est. reading time\" \/>\n\t<meta name=\"twitter:data2\" content=\"6 minutes\" \/>\n<script type=\"application\/ld+json\" class=\"yoast-schema-graph\">{\"@context\":\"https:\\\/\\\/schema.org\",\"@graph\":[{\"@type\":\"Article\",\"@id\":\"https:\\\/\\\/www.mynametags.be\\\/FR\\\/blog\\\/2026\\\/01\\\/plus-dun-million-de-belges-insatisfaits-de-leur-prenom\\\/#article\",\"isPartOf\":{\"@id\":\"https:\\\/\\\/www.mynametags.be\\\/FR\\\/blog\\\/2026\\\/01\\\/plus-dun-million-de-belges-insatisfaits-de-leur-prenom\\\/\"},\"author\":{\"name\":\"admin\",\"@id\":\"https:\\\/\\\/www.mynametags.be\\\/FR\\\/blog\\\/#\\\/schema\\\/person\\\/87141ceabf45386732788339a4bcbbff\"},\"headline\":\"Plus d\u2019un million de Belges insatisfaits de leur pr\u00e9nom\",\"datePublished\":\"2026-01-13T07:00:00+00:00\",\"mainEntityOfPage\":{\"@id\":\"https:\\\/\\\/www.mynametags.be\\\/FR\\\/blog\\\/2026\\\/01\\\/plus-dun-million-de-belges-insatisfaits-de-leur-prenom\\\/\"},\"wordCount\":1359,\"image\":{\"@id\":\"https:\\\/\\\/www.mynametags.be\\\/FR\\\/blog\\\/2026\\\/01\\\/plus-dun-million-de-belges-insatisfaits-de-leur-prenom\\\/#primaryimage\"},\"thumbnailUrl\":\"https:\\\/\\\/www.mynametags.be\\\/FR\\\/blog\\\/wp-content\\\/uploads\\\/2026\\\/01\\\/Artboard-1.png\",\"inLanguage\":\"en-US\"},{\"@type\":\"WebPage\",\"@id\":\"https:\\\/\\\/www.mynametags.be\\\/FR\\\/blog\\\/2026\\\/01\\\/plus-dun-million-de-belges-insatisfaits-de-leur-prenom\\\/\",\"url\":\"https:\\\/\\\/www.mynametags.be\\\/FR\\\/blog\\\/2026\\\/01\\\/plus-dun-million-de-belges-insatisfaits-de-leur-prenom\\\/\",\"name\":\"Plus d\u2019un million de Belges insatisfaits de leur pr\u00e9nom - Le blog de My Nametags Belgi\u00eb\",\"isPartOf\":{\"@id\":\"https:\\\/\\\/www.mynametags.be\\\/FR\\\/blog\\\/#website\"},\"primaryImageOfPage\":{\"@id\":\"https:\\\/\\\/www.mynametags.be\\\/FR\\\/blog\\\/2026\\\/01\\\/plus-dun-million-de-belges-insatisfaits-de-leur-prenom\\\/#primaryimage\"},\"image\":{\"@id\":\"https:\\\/\\\/www.mynametags.be\\\/FR\\\/blog\\\/2026\\\/01\\\/plus-dun-million-de-belges-insatisfaits-de-leur-prenom\\\/#primaryimage\"},\"thumbnailUrl\":\"https:\\\/\\\/www.mynametags.be\\\/FR\\\/blog\\\/wp-content\\\/uploads\\\/2026\\\/01\\\/Artboard-1.png\",\"datePublished\":\"2026-01-13T07:00:00+00:00\",\"author\":{\"@id\":\"https:\\\/\\\/www.mynametags.be\\\/FR\\\/blog\\\/#\\\/schema\\\/person\\\/87141ceabf45386732788339a4bcbbff\"},\"description\":\"Pr\u00e9nom intemporel, en phase... Voici ce que pensent vraiment les Belges de leur pr\u00e9nom (et de celui de leurs enfants)\",\"breadcrumb\":{\"@id\":\"https:\\\/\\\/www.mynametags.be\\\/FR\\\/blog\\\/2026\\\/01\\\/plus-dun-million-de-belges-insatisfaits-de-leur-prenom\\\/#breadcrumb\"},\"inLanguage\":\"en-US\",\"potentialAction\":[{\"@type\":\"ReadAction\",\"target\":[\"https:\\\/\\\/www.mynametags.be\\\/FR\\\/blog\\\/2026\\\/01\\\/plus-dun-million-de-belges-insatisfaits-de-leur-prenom\\\/\"]}]},{\"@type\":\"ImageObject\",\"inLanguage\":\"en-US\",\"@id\":\"https:\\\/\\\/www.mynametags.be\\\/FR\\\/blog\\\/2026\\\/01\\\/plus-dun-million-de-belges-insatisfaits-de-leur-prenom\\\/#primaryimage\",\"url\":\"https:\\\/\\\/www.mynametags.be\\\/FR\\\/blog\\\/wp-content\\\/uploads\\\/2026\\\/01\\\/Artboard-1.png\",\"contentUrl\":\"https:\\\/\\\/www.mynametags.be\\\/FR\\\/blog\\\/wp-content\\\/uploads\\\/2026\\\/01\\\/Artboard-1.png\",\"width\":1200,\"height\":550},{\"@type\":\"BreadcrumbList\",\"@id\":\"https:\\\/\\\/www.mynametags.be\\\/FR\\\/blog\\\/2026\\\/01\\\/plus-dun-million-de-belges-insatisfaits-de-leur-prenom\\\/#breadcrumb\",\"itemListElement\":[{\"@type\":\"ListItem\",\"position\":1,\"name\":\"Home\",\"item\":\"https:\\\/\\\/www.mynametags.be\\\/FR\\\/blog\\\/\"},{\"@type\":\"ListItem\",\"position\":2,\"name\":\"Plus d\u2019un million de Belges insatisfaits de leur pr\u00e9nom\"}]},{\"@type\":\"WebSite\",\"@id\":\"https:\\\/\\\/www.mynametags.be\\\/FR\\\/blog\\\/#website\",\"url\":\"https:\\\/\\\/www.mynametags.be\\\/FR\\\/blog\\\/\",\"name\":\"Le blog de My Nametags Belgi\u00eb\",\"description\":\"\",\"potentialAction\":[{\"@type\":\"SearchAction\",\"target\":{\"@type\":\"EntryPoint\",\"urlTemplate\":\"https:\\\/\\\/www.mynametags.be\\\/FR\\\/blog\\\/?s={search_term_string}\"},\"query-input\":{\"@type\":\"PropertyValueSpecification\",\"valueRequired\":true,\"valueName\":\"search_term_string\"}}],\"inLanguage\":\"en-US\"},{\"@type\":\"Person\",\"@id\":\"https:\\\/\\\/www.mynametags.be\\\/FR\\\/blog\\\/#\\\/schema\\\/person\\\/87141ceabf45386732788339a4bcbbff\",\"name\":\"admin\",\"image\":{\"@type\":\"ImageObject\",\"inLanguage\":\"en-US\",\"@id\":\"https:\\\/\\\/secure.gravatar.com\\\/avatar\\\/27b864c344d0ba647defbb14d62338d7e0dbb466a73b4966351866c8441fdae1?s=96&d=mm&r=g\",\"url\":\"https:\\\/\\\/secure.gravatar.com\\\/avatar\\\/27b864c344d0ba647defbb14d62338d7e0dbb466a73b4966351866c8441fdae1?s=96&d=mm&r=g\",\"contentUrl\":\"https:\\\/\\\/secure.gravatar.com\\\/avatar\\\/27b864c344d0ba647defbb14d62338d7e0dbb466a73b4966351866c8441fdae1?s=96&d=mm&r=g\",\"caption\":\"admin\"},\"url\":\"https:\\\/\\\/www.mynametags.be\\\/FR\\\/blog\\\/author\\\/admin\\\/\"}]}<\/script>\n<!-- \/ Yoast SEO plugin. -->","yoast_head_json":{"title":"Plus d\u2019un million de Belges insatisfaits de leur pr\u00e9nom - Le blog de My Nametags Belgi\u00eb","description":"Pr\u00e9nom intemporel, en phase... Voici ce que pensent vraiment les Belges de leur pr\u00e9nom (et de celui de leurs enfants)","robots":{"index":"index","follow":"follow","max-snippet":"max-snippet:-1","max-image-preview":"max-image-preview:large","max-video-preview":"max-video-preview:-1"},"canonical":"https:\/\/www.mynametags.be\/FR\/blog\/2026\/01\/plus-dun-million-de-belges-insatisfaits-de-leur-prenom\/","og_locale":"en_US","og_type":"article","og_title":"Plus d\u2019un million de Belges insatisfaits de leur pr\u00e9nom - Le blog de My Nametags Belgi\u00eb","og_description":"Pr\u00e9nom intemporel, en phase... Voici ce que pensent vraiment les Belges de leur pr\u00e9nom (et de celui de leurs enfants)","og_url":"https:\/\/www.mynametags.be\/FR\/blog\/2026\/01\/plus-dun-million-de-belges-insatisfaits-de-leur-prenom\/","og_site_name":"Le blog de My Nametags Belgi\u00eb","article_published_time":"2026-01-13T07:00:00+00:00","og_image":[{"width":1200,"height":550,"url":"https:\/\/www.mynametags.be\/FR\/blog\/wp-content\/uploads\/2026\/01\/Artboard-1.png","type":"image\/png"}],"author":"admin","twitter_card":"summary_large_image","twitter_misc":{"Written by":"admin","Est. reading time":"6 minutes"},"schema":{"@context":"https:\/\/schema.org","@graph":[{"@type":"Article","@id":"https:\/\/www.mynametags.be\/FR\/blog\/2026\/01\/plus-dun-million-de-belges-insatisfaits-de-leur-prenom\/#article","isPartOf":{"@id":"https:\/\/www.mynametags.be\/FR\/blog\/2026\/01\/plus-dun-million-de-belges-insatisfaits-de-leur-prenom\/"},"author":{"name":"admin","@id":"https:\/\/www.mynametags.be\/FR\/blog\/#\/schema\/person\/87141ceabf45386732788339a4bcbbff"},"headline":"Plus d\u2019un million de Belges insatisfaits de leur pr\u00e9nom","datePublished":"2026-01-13T07:00:00+00:00","mainEntityOfPage":{"@id":"https:\/\/www.mynametags.be\/FR\/blog\/2026\/01\/plus-dun-million-de-belges-insatisfaits-de-leur-prenom\/"},"wordCount":1359,"image":{"@id":"https:\/\/www.mynametags.be\/FR\/blog\/2026\/01\/plus-dun-million-de-belges-insatisfaits-de-leur-prenom\/#primaryimage"},"thumbnailUrl":"https:\/\/www.mynametags.be\/FR\/blog\/wp-content\/uploads\/2026\/01\/Artboard-1.png","inLanguage":"en-US"},{"@type":"WebPage","@id":"https:\/\/www.mynametags.be\/FR\/blog\/2026\/01\/plus-dun-million-de-belges-insatisfaits-de-leur-prenom\/","url":"https:\/\/www.mynametags.be\/FR\/blog\/2026\/01\/plus-dun-million-de-belges-insatisfaits-de-leur-prenom\/","name":"Plus d\u2019un million de Belges insatisfaits de leur pr\u00e9nom - Le blog de My Nametags Belgi\u00eb","isPartOf":{"@id":"https:\/\/www.mynametags.be\/FR\/blog\/#website"},"primaryImageOfPage":{"@id":"https:\/\/www.mynametags.be\/FR\/blog\/2026\/01\/plus-dun-million-de-belges-insatisfaits-de-leur-prenom\/#primaryimage"},"image":{"@id":"https:\/\/www.mynametags.be\/FR\/blog\/2026\/01\/plus-dun-million-de-belges-insatisfaits-de-leur-prenom\/#primaryimage"},"thumbnailUrl":"https:\/\/www.mynametags.be\/FR\/blog\/wp-content\/uploads\/2026\/01\/Artboard-1.png","datePublished":"2026-01-13T07:00:00+00:00","author":{"@id":"https:\/\/www.mynametags.be\/FR\/blog\/#\/schema\/person\/87141ceabf45386732788339a4bcbbff"},"description":"Pr\u00e9nom intemporel, en phase... Voici ce que pensent vraiment les Belges de leur pr\u00e9nom (et de celui de leurs enfants)","breadcrumb":{"@id":"https:\/\/www.mynametags.be\/FR\/blog\/2026\/01\/plus-dun-million-de-belges-insatisfaits-de-leur-prenom\/#breadcrumb"},"inLanguage":"en-US","potentialAction":[{"@type":"ReadAction","target":["https:\/\/www.mynametags.be\/FR\/blog\/2026\/01\/plus-dun-million-de-belges-insatisfaits-de-leur-prenom\/"]}]},{"@type":"ImageObject","inLanguage":"en-US","@id":"https:\/\/www.mynametags.be\/FR\/blog\/2026\/01\/plus-dun-million-de-belges-insatisfaits-de-leur-prenom\/#primaryimage","url":"https:\/\/www.mynametags.be\/FR\/blog\/wp-content\/uploads\/2026\/01\/Artboard-1.png","contentUrl":"https:\/\/www.mynametags.be\/FR\/blog\/wp-content\/uploads\/2026\/01\/Artboard-1.png","width":1200,"height":550},{"@type":"BreadcrumbList","@id":"https:\/\/www.mynametags.be\/FR\/blog\/2026\/01\/plus-dun-million-de-belges-insatisfaits-de-leur-prenom\/#breadcrumb","itemListElement":[{"@type":"ListItem","position":1,"name":"Home","item":"https:\/\/www.mynametags.be\/FR\/blog\/"},{"@type":"ListItem","position":2,"name":"Plus d\u2019un million de Belges insatisfaits de leur pr\u00e9nom"}]},{"@type":"WebSite","@id":"https:\/\/www.mynametags.be\/FR\/blog\/#website","url":"https:\/\/www.mynametags.be\/FR\/blog\/","name":"Le blog de My Nametags Belgi\u00eb","description":"","potentialAction":[{"@type":"SearchAction","target":{"@type":"EntryPoint","urlTemplate":"https:\/\/www.mynametags.be\/FR\/blog\/?s={search_term_string}"},"query-input":{"@type":"PropertyValueSpecification","valueRequired":true,"valueName":"search_term_string"}}],"inLanguage":"en-US"},{"@type":"Person","@id":"https:\/\/www.mynametags.be\/FR\/blog\/#\/schema\/person\/87141ceabf45386732788339a4bcbbff","name":"admin","image":{"@type":"ImageObject","inLanguage":"en-US","@id":"https:\/\/secure.gravatar.com\/avatar\/27b864c344d0ba647defbb14d62338d7e0dbb466a73b4966351866c8441fdae1?s=96&d=mm&r=g","url":"https:\/\/secure.gravatar.com\/avatar\/27b864c344d0ba647defbb14d62338d7e0dbb466a73b4966351866c8441fdae1?s=96&d=mm&r=g","contentUrl":"https:\/\/secure.gravatar.com\/avatar\/27b864c344d0ba647defbb14d62338d7e0dbb466a73b4966351866c8441fdae1?s=96&d=mm&r=g","caption":"admin"},"url":"https:\/\/www.mynametags.be\/FR\/blog\/author\/admin\/"}]}},"post_mailing_queue_ids":[],"_links":{"self":[{"href":"https:\/\/www.mynametags.be\/FR\/blog\/wp-json\/wp\/v2\/posts\/1155","targetHints":{"allow":["GET"]}}],"collection":[{"href":"https:\/\/www.mynametags.be\/FR\/blog\/wp-json\/wp\/v2\/posts"}],"about":[{"href":"https:\/\/www.mynametags.be\/FR\/blog\/wp-json\/wp\/v2\/types\/post"}],"author":[{"embeddable":true,"href":"https:\/\/www.mynametags.be\/FR\/blog\/wp-json\/wp\/v2\/users\/1"}],"replies":[{"embeddable":true,"href":"https:\/\/www.mynametags.be\/FR\/blog\/wp-json\/wp\/v2\/comments?post=1155"}],"version-history":[{"count":1,"href":"https:\/\/www.mynametags.be\/FR\/blog\/wp-json\/wp\/v2\/posts\/1155\/revisions"}],"predecessor-version":[{"id":1157,"href":"https:\/\/www.mynametags.be\/FR\/blog\/wp-json\/wp\/v2\/posts\/1155\/revisions\/1157"}],"wp:featuredmedia":[{"embeddable":true,"href":"https:\/\/www.mynametags.be\/FR\/blog\/wp-json\/wp\/v2\/media\/1156"}],"wp:attachment":[{"href":"https:\/\/www.mynametags.be\/FR\/blog\/wp-json\/wp\/v2\/media?parent=1155"}],"wp:term":[{"taxonomy":"category","embeddable":true,"href":"https:\/\/www.mynametags.be\/FR\/blog\/wp-json\/wp\/v2\/categories?post=1155"},{"taxonomy":"post_tag","embeddable":true,"href":"https:\/\/www.mynametags.be\/FR\/blog\/wp-json\/wp\/v2\/tags?post=1155"}],"curies":[{"name":"wp","href":"https:\/\/api.w.org\/{rel}","templated":true}]}}